{"id":282508,"date":"2024-06-16T09:25:40","date_gmt":"2024-06-16T07:25:40","guid":{"rendered":"https:\/\/www.evearly.news\/fr\/bigster-c-neo-berline-et-break-future-sandero-voici-a-quoi-vont-ressembler-les-futures-dacia\/"},"modified":"2024-06-16T09:25:40","modified_gmt":"2024-06-16T07:25:40","slug":"bigster-c-neo-berline-et-break-future-sandero-voici-a-quoi-vont-ressembler-les-futures-dacia","status":"publish","type":"post","link":"https:\/\/www.evearly.news\/fr\/bigster-c-neo-berline-et-break-future-sandero-voici-a-quoi-vont-ressembler-les-futures-dacia\/","title":{"rendered":"Bigster, C-N\u00e9o berline et break, future Sandero : voici a quoi vont ressembler les futures Dacia"},"content":{"rendered":"<div class=\"media_block\"><img decoding=\"async\" src=\"https:\/\/www.evearly.news\/fr\/wp-content\/uploads\/sites\/6\/2024\/06\/bigster-c-neo-berline-et-break-future-sandero-voici-a-quoi-vont-ressembler-les-futures-dacia.jpg\"><\/div>\n<p>Duster, Bigster, Spring restyl\u00e9e, remplacement de la Logan et un duo in\u00e9dit de Sandero demandez le programme de ce qui va arriver chez Dacia dans les prochaines ann\u00e9es. La marque \u00ab\u00a0outdoor\u00a0\u00bb de Renault a un planning tr\u00e8s charg\u00e9. D\u00e9taillons-le menu. <a href=\"https:\/\/www.automobile-magazine.fr\/scoops\/article\/43394-bigster-c-neo-berline-et-break-future-sandero-voici-a-quoi-vont-ressembler-les-futures-dacia\" target='bwindow' rel=\"noopener\">Lire la suite&#8230;<\/a><\/p>\n","protected":false},"excerpt":{"rendered":"<div class=\"media_block\"><img decoding=\"async\" src=\"https:\/\/www.evearly.news\/fr\/wp-content\/uploads\/sites\/6\/2024\/06\/bigster-c-neo-berline-et-break-future-sandero-voici-a-quoi-vont-ressembler-les-futures-dacia.jpg\"><\/div>\n<p> <a class=\"continue-reading-link\" href=\"https:\/\/www.evearly.news\/fr\/bigster-c-neo-berline-et-break-future-sandero-voici-a-quoi-vont-ressembler-les-futures-dacia\/\"><\/a><\/p>\n","protected":false},"author":7,"featured_media":282509,"comment_status":"closed","ping_status":"open","sticky":false,"template":"Default","format":"standard","meta":{"footnotes":""},"categories":[7],"tags":[],"class_list":["post-282508","post","type-post","status-publish","format-standard","has-post-thumbnail","hentry","category-automobile-magazine"],"_links":{"self":[{"href":"https:\/\/www.evearly.news\/fr\/wp-json\/wp\/v2\/posts\/282508","targetHints":{"allow":["GET"]}}],"collection":[{"href":"https:\/\/www.evearly.news\/fr\/wp-json\/wp\/v2\/posts"}],"about":[{"href":"https:\/\/www.evearly.news\/fr\/wp-json\/wp\/v2\/types\/post"}],"author":[{"embeddable":true,"href":"https:\/\/www.evearly.news\/fr\/wp-json\/wp\/v2\/users\/7"}],"replies":[{"embeddable":true,"href":"https:\/\/www.evearly.news\/fr\/wp-json\/wp\/v2\/comments?post=282508"}],"version-history":[{"count":0,"href":"https:\/\/www.evearly.news\/fr\/wp-json\/wp\/v2\/posts\/282508\/revisions"}],"wp:featuredmedia":[{"embeddable":true,"href":"https:\/\/www.evearly.news\/fr\/wp-json\/wp\/v2\/media\/282509"}],"wp:attachment":[{"href":"https:\/\/www.evearly.news\/fr\/wp-json\/wp\/v2\/media?parent=282508"}],"wp:term":[{"taxonomy":"category","embeddable":true,"href":"https:\/\/www.evearly.news\/fr\/wp-json\/wp\/v2\/categories?post=282508"},{"taxonomy":"post_tag","embeddable":true,"href":"https:\/\/www.evearly.news\/fr\/wp-json\/wp\/v2\/tags?post=282508"}],"curies":[{"name":"wp","href":"https:\/\/api.w.org\/{rel}","templated":true}]}}