{"id":282534,"date":"2024-06-16T21:03:02","date_gmt":"2024-06-16T19:03:02","guid":{"rendered":"https:\/\/www.evearly.news\/fr\/comment-est-calculee-la-consommation-sur-une-tesla\/"},"modified":"2024-06-16T21:03:02","modified_gmt":"2024-06-16T19:03:02","slug":"comment-est-calculee-la-consommation-sur-une-tesla","status":"publish","type":"post","link":"https:\/\/www.evearly.news\/fr\/comment-est-calculee-la-consommation-sur-une-tesla\/","title":{"rendered":"Comment est calcul\u00e9e la consommation sur une Tesla"},"content":{"rendered":"<p><img width=\"1200\" height=\"598\" src=\"https:\/\/www.evearly.news\/fr\/wp-content\/uploads\/sites\/6\/2024\/06\/comment-est-calculee-la-consommation-sur-une-tesla.jpg\" class=\"attachment-large size-large wp-post-image\" alt=\"\" decoding=\"async\" loading=\"lazy\" \/<br \/>Tesla ne fait pas tout comme les autres, notamment au niveau de la consommation des v\u00e9hicules. Entre consommation vampire, niveau de batterie qui baisse, ou addition des kilowattheures consomm\u00e9s qui ne correspond pas \u00e0 ce que l&rsquo;on attend, le compte n&rsquo;y est pas. Faisons le point.  <a href=\"https:\/\/www.frandroid.com\/marques\/tesla\/1937038_comment-est-calculee-la-consommation-sur-une-tesla\" target='bwindow' rel=\"noopener\">Lire la suite&#8230;<\/a><\/p>\n","protected":false},"excerpt":{"rendered":"<p>&lt;img width=&quot;1200&quot; height=&quot;598&quot; src=&quot;https:\/\/www.evearly.news\/fr\/wp-content\/uploads\/sites\/6\/2024\/06\/comment-est-calculee-la-consommation-sur-une-tesla.jpg&quot; class=&quot;attachment-large size-large wp-post-image&quot; alt=&quot;&quot; decoding=&quot;async&quot; loading=&quot;lazy&quot; \/<br \/>Tesla ne fait pas tout comme les autres, notamment au niveau de la consommation des v\u00e9hicules. Entre consommation vampire, niveau de batterie qui baisse, ou addition des kilowattheures consomm\u00e9s qui ne correspond pas \u00e0 ce que l&rsquo;on attend, le compte n&rsquo;y est pas. Faisons le point. <\/p>\n<p> <a class=\"continue-reading-link\" href=\"https:\/\/www.evearly.news\/fr\/comment-est-calculee-la-consommation-sur-une-tesla\/\"><\/a><\/p>\n","protected":false},"author":6,"featured_media":282535,"comment_status":"closed","ping_status":"open","sticky":false,"template":"Default","format":"standard","meta":{"footnotes":""},"categories":[14],"tags":[],"class_list":["post-282534","post","type-post","status-publish","format-standard","has-post-thumbnail","hentry","category-frandroid"],"_links":{"self":[{"href":"https:\/\/www.evearly.news\/fr\/wp-json\/wp\/v2\/posts\/282534","targetHints":{"allow":["GET"]}}],"collection":[{"href":"https:\/\/www.evearly.news\/fr\/wp-json\/wp\/v2\/posts"}],"about":[{"href":"https:\/\/www.evearly.news\/fr\/wp-json\/wp\/v2\/types\/post"}],"author":[{"embeddable":true,"href":"https:\/\/www.evearly.news\/fr\/wp-json\/wp\/v2\/users\/6"}],"replies":[{"embeddable":true,"href":"https:\/\/www.evearly.news\/fr\/wp-json\/wp\/v2\/comments?post=282534"}],"version-history":[{"count":0,"href":"https:\/\/www.evearly.news\/fr\/wp-json\/wp\/v2\/posts\/282534\/revisions"}],"wp:featuredmedia":[{"embeddable":true,"href":"https:\/\/www.evearly.news\/fr\/wp-json\/wp\/v2\/media\/282535"}],"wp:attachment":[{"href":"https:\/\/www.evearly.news\/fr\/wp-json\/wp\/v2\/media?parent=282534"}],"wp:term":[{"taxonomy":"category","embeddable":true,"href":"https:\/\/www.evearly.news\/fr\/wp-json\/wp\/v2\/categories?post=282534"},{"taxonomy":"post_tag","embeddable":true,"href":"https:\/\/www.evearly.news\/fr\/wp-json\/wp\/v2\/tags?post=282534"}],"curies":[{"name":"wp","href":"https:\/\/api.w.org\/{rel}","templated":true}]}}