{"id":282538,"date":"2024-06-17T08:50:06","date_gmt":"2024-06-17T06:50:06","guid":{"rendered":"https:\/\/www.evearly.news\/fr\/lalpine-a290-la-version-sportive-de-la-r5-electrique\/"},"modified":"2024-06-17T08:50:06","modified_gmt":"2024-06-17T06:50:06","slug":"lalpine-a290-la-version-sportive-de-la-r5-electrique","status":"publish","type":"post","link":"https:\/\/www.evearly.news\/fr\/lalpine-a290-la-version-sportive-de-la-r5-electrique\/","title":{"rendered":"L\u2019Alpine A290, la version sportive de la R5 \u00e9lectrique"},"content":{"rendered":"<p><img width=\"1000\" height=\"563\" src=\"https:\/\/www.evearly.news\/fr\/wp-content\/uploads\/sites\/6\/2024\/06\/lalpine-a290-la-version-sportive-de-la-r5-electrique.jpg\" class=\"attachment-post-thumbnail size-post-thumbnail wp-post-image\" alt=\"Alpine A290 R5 \u00e9lectrique\" decoding=\"async\" fetchpriority=\"high\" srcset=\"https:\/\/www.evearly.news\/fr\/wp-content\/uploads\/sites\/6\/2024\/06\/lalpine-a290-la-version-sportive-de-la-r5-electrique.jpg 1000w, https:\/\/www.evearly.news\/fr\/wp-content\/uploads\/sites\/6\/2024\/06\/lalpine-a290-la-version-sportive-de-la-r5-electrique-1.jpg 300w, https:\/\/www.evearly.news\/fr\/wp-content\/uploads\/sites\/6\/2024\/06\/lalpine-a290-la-version-sportive-de-la-r5-electrique-2.jpg 998w, https:\/\/www.avem.fr\/wp-content\/uploads\/2024\/06\/Alpine-A290-Une-768x432.jpg 768w\" sizes=\"(max-width: 1000px) 100vw, 1000px\" \/>En marge des 24H du Mans, Alpine a pr\u00e9sent\u00e9 l\u2019A290, la version sportive de la R5 \u00e9lectrique. Avec l\u2019A290, Alpine entre dans une nouvelle \u00e8re, en respectant les trois piliers de la marque\u00a0: performance, agilit\u00e9, l\u00e9g\u00e8ret\u00e9. \u00a0Nouveau mod\u00e8le d\u2019entr\u00e9e dans l\u2019univers d\u2019Alpine, l\u2019A290 inaugure le Dream Garage 100% \u00e9lectrique d\u2019Alpine. [\u2026] <a href=\"https:\/\/www.avem.fr\/2024\/06\/17\/lalpine-a290-la-version-sportive-de-la-r5-electrique\/\" target=\"blank\" rel=\"noopener\">Lire la suite&#8230;<\/a><\/p>\n","protected":false},"excerpt":{"rendered":"<p><img loading=\"lazy\" decoding=\"async\" width=\"1000\" height=\"563\" src=\"https:\/\/www.evearly.news\/fr\/wp-content\/uploads\/sites\/6\/2024\/06\/lalpine-a290-la-version-sportive-de-la-r5-electrique.jpg\" class=\"attachment-post-thumbnail size-post-thumbnail wp-post-image\" alt=\"Alpine A290 R5 \u00e9lectrique\" \/>En marge des 24H du Mans, Alpine a pr\u00e9sent\u00e9 l\u2019A290, la version sportive de la R5 \u00e9lectrique. Avec l\u2019A290, Alpine entre dans une nouvelle \u00e8re, en respectant les trois piliers de la marque\u00a0: performance, agilit\u00e9, l\u00e9g\u00e8ret\u00e9. \u00a0Nouveau mod\u00e8le d\u2019entr\u00e9e dans l\u2019univers d\u2019Alpine, l\u2019A290 inaugure le Dream Garage 100% \u00e9lectrique d\u2019Alpine. [\u2026] <a class=\"continue-reading-link\" href=\"https:\/\/www.evearly.news\/fr\/lalpine-a290-la-version-sportive-de-la-r5-electrique\/\"><\/a><\/p>\n","protected":false},"author":3,"featured_media":282539,"comment_status":"closed","ping_status":"open","sticky":false,"template":"Default","format":"standard","meta":{"footnotes":""},"categories":[3],"tags":[],"class_list":["post-282538","post","type-post","status-publish","format-standard","has-post-thumbnail","hentry","category-avem"],"_links":{"self":[{"href":"https:\/\/www.evearly.news\/fr\/wp-json\/wp\/v2\/posts\/282538","targetHints":{"allow":["GET"]}}],"collection":[{"href":"https:\/\/www.evearly.news\/fr\/wp-json\/wp\/v2\/posts"}],"about":[{"href":"https:\/\/www.evearly.news\/fr\/wp-json\/wp\/v2\/types\/post"}],"author":[{"embeddable":true,"href":"https:\/\/www.evearly.news\/fr\/wp-json\/wp\/v2\/users\/3"}],"replies":[{"embeddable":true,"href":"https:\/\/www.evearly.news\/fr\/wp-json\/wp\/v2\/comments?post=282538"}],"version-history":[{"count":0,"href":"https:\/\/www.evearly.news\/fr\/wp-json\/wp\/v2\/posts\/282538\/revisions"}],"wp:featuredmedia":[{"embeddable":true,"href":"https:\/\/www.evearly.news\/fr\/wp-json\/wp\/v2\/media\/282539"}],"wp:attachment":[{"href":"https:\/\/www.evearly.news\/fr\/wp-json\/wp\/v2\/media?parent=282538"}],"wp:term":[{"taxonomy":"category","embeddable":true,"href":"https:\/\/www.evearly.news\/fr\/wp-json\/wp\/v2\/categories?post=282538"},{"taxonomy":"post_tag","embeddable":true,"href":"https:\/\/www.evearly.news\/fr\/wp-json\/wp\/v2\/tags?post=282538"}],"curies":[{"name":"wp","href":"https:\/\/api.w.org\/{rel}","templated":true}]}}