{"id":282580,"date":"2024-06-17T15:20:03","date_gmt":"2024-06-17T13:20:03","guid":{"rendered":"https:\/\/www.evearly.news\/fr\/les-chargeurs-portables-pour-vehicules-electriques-et-leur-importance-pour-le-confort-des-proprietaires-de-vehicules-electriques\/"},"modified":"2024-06-17T15:20:03","modified_gmt":"2024-06-17T13:20:03","slug":"les-chargeurs-portables-pour-vehicules-electriques-et-leur-importance-pour-le-confort-des-proprietaires-de-vehicules-electriques","status":"publish","type":"post","link":"https:\/\/www.evearly.news\/fr\/les-chargeurs-portables-pour-vehicules-electriques-et-leur-importance-pour-le-confort-des-proprietaires-de-vehicules-electriques\/","title":{"rendered":"Les chargeurs portables pour v\u00e9hicules \u00e9lectriques et leur importance pour le confort des propri\u00e9taires de v\u00e9hicules \u00e9lectriques"},"content":{"rendered":"<p><img decoding=\"async\" src=\"https:\/\/www.evearly.news\/fr\/wp-content\/uploads\/sites\/6\/2024\/06\/les-chargeurs-portables-pour-vehicules-electriques-et-leur-importance-pour-le-confort-des-proprietaires-de-vehicules-electriques.webp\" alt=\"insideevs\"><br \/>\u00c0 mesure que le monde adopte des modes de transport plus \u00e9cologiques, de plus en plus de consommateurs soucieux de l\u2019environnement optent pour les voitures \u00e9lectriques (VE). <a href=\"https:\/\/insideevs.fr\/news\/723581\/chargeurs-portables-vehicule-electrique-importance\/\" target=\"_blank\" rel=\"noopener\">Lire la suite&#8230;<\/a><\/p>\n","protected":false},"excerpt":{"rendered":"<p><img decoding=\"async\" src=\"https:\/\/www.evearly.news\/fr\/wp-content\/uploads\/sites\/6\/2024\/06\/les-chargeurs-portables-pour-vehicules-electriques-et-leur-importance-pour-le-confort-des-proprietaires-de-vehicules-electriques.webp\" alt=\"insideevs\"><br \/>\u00c0 mesure que le monde adopte des modes de transport plus \u00e9cologiques, de plus en plus de consommateurs soucieux de l\u2019environnement optent pour les voitures \u00e9lectriques (VE).<\/p>\n<p> <a class=\"continue-reading-link\" href=\"https:\/\/www.evearly.news\/fr\/les-chargeurs-portables-pour-vehicules-electriques-et-leur-importance-pour-le-confort-des-proprietaires-de-vehicules-electriques\/\"><\/a><\/p>\n","protected":false},"author":14,"featured_media":282581,"comment_status":"closed","ping_status":"open","sticky":false,"template":"Default","format":"standard","meta":{"footnotes":""},"categories":[15],"tags":[],"class_list":["post-282580","post","type-post","status-publish","format-standard","has-post-thumbnail","hentry","category-insideevs"],"_links":{"self":[{"href":"https:\/\/www.evearly.news\/fr\/wp-json\/wp\/v2\/posts\/282580","targetHints":{"allow":["GET"]}}],"collection":[{"href":"https:\/\/www.evearly.news\/fr\/wp-json\/wp\/v2\/posts"}],"about":[{"href":"https:\/\/www.evearly.news\/fr\/wp-json\/wp\/v2\/types\/post"}],"author":[{"embeddable":true,"href":"https:\/\/www.evearly.news\/fr\/wp-json\/wp\/v2\/users\/14"}],"replies":[{"embeddable":true,"href":"https:\/\/www.evearly.news\/fr\/wp-json\/wp\/v2\/comments?post=282580"}],"version-history":[{"count":0,"href":"https:\/\/www.evearly.news\/fr\/wp-json\/wp\/v2\/posts\/282580\/revisions"}],"wp:featuredmedia":[{"embeddable":true,"href":"https:\/\/www.evearly.news\/fr\/wp-json\/wp\/v2\/media\/282581"}],"wp:attachment":[{"href":"https:\/\/www.evearly.news\/fr\/wp-json\/wp\/v2\/media?parent=282580"}],"wp:term":[{"taxonomy":"category","embeddable":true,"href":"https:\/\/www.evearly.news\/fr\/wp-json\/wp\/v2\/categories?post=282580"},{"taxonomy":"post_tag","embeddable":true,"href":"https:\/\/www.evearly.news\/fr\/wp-json\/wp\/v2\/tags?post=282580"}],"curies":[{"name":"wp","href":"https:\/\/api.w.org\/{rel}","templated":true}]}}