{"id":282588,"date":"2024-06-17T16:52:49","date_gmt":"2024-06-17T14:52:49","guid":{"rendered":"https:\/\/www.evearly.news\/fr\/les-5-projets-et-voitures-de-tesla-qui-vont-changer-son-avenir\/"},"modified":"2024-06-17T16:52:49","modified_gmt":"2024-06-17T14:52:49","slug":"les-5-projets-et-voitures-de-tesla-qui-vont-changer-son-avenir","status":"publish","type":"post","link":"https:\/\/www.evearly.news\/fr\/les-5-projets-et-voitures-de-tesla-qui-vont-changer-son-avenir\/","title":{"rendered":"Les 5 projets et voitures de Tesla qui vont changer son avenir"},"content":{"rendered":"<p><img loading=\"lazy\" width=\"1500\" height=\"1000\" src=\"https:\/\/www.evearly.news\/fr\/wp-content\/uploads\/sites\/6\/2024\/06\/les-5-projets-et-voitures-de-tesla-qui-vont-changer-son-avenir.jpg\" class=\"attachment-full size-full wp-post-image\" alt=\"Tesla Unsplash Carter Baran\" decoding=\"async\" srcset=\"https:\/\/www.evearly.news\/fr\/wp-content\/uploads\/sites\/6\/2024\/06\/les-5-projets-et-voitures-de-tesla-qui-vont-changer-son-avenir.jpg 1500w, https:\/\/www.evearly.news\/fr\/wp-content\/uploads\/sites\/6\/2024\/06\/les-5-projets-et-voitures-de-tesla-qui-vont-changer-son-avenir-1.jpg 504w, https:\/\/www.evearly.news\/fr\/wp-content\/uploads\/sites\/6\/2024\/06\/les-5-projets-et-voitures-de-tesla-qui-vont-changer-son-avenir-2.jpg 1024w, https:\/\/www.evearly.news\/fr\/wp-content\/uploads\/sites\/6\/2024\/06\/les-5-projets-et-voitures-de-tesla-qui-vont-changer-son-avenir-3.jpg 50w, https:\/\/www.evearly.news\/fr\/wp-content\/uploads\/sites\/6\/2024\/06\/les-5-projets-et-voitures-de-tesla-qui-vont-changer-son-avenir-4.jpg 336w, https:\/\/www.evearly.news\/fr\/wp-content\/uploads\/sites\/6\/2024\/06\/les-5-projets-et-voitures-de-tesla-qui-vont-changer-son-avenir-5.jpg 1400w, https:\/\/www.evearly.news\/fr\/wp-content\/uploads\/sites\/6\/2024\/06\/les-5-projets-et-voitures-de-tesla-qui-vont-changer-son-avenir-6.jpg 680w, https:\/\/www.presse-citron.net\/app\/uploads\/2024\/04\/tesla-unsplash-carter-baran-896x597.jpg 896w\" sizes=\"auto, (max-width: 1500px) 100vw, 1500px\"><\/p>\n<p>Tesla vit un moment charni\u00e8re, l&rsquo;entreprise est en grande difficult\u00e9 financi\u00e8re. Elle doit se redresser rapidement et ses 3 projets pourraient l&rsquo;aider.<a href=\"https:\/\/www.presse-citron.net\/les-3-projets-et-voitures-de-tesla-qui-vont-changer-son-avenir\/\" target=\"blank\" rel=\"noopener\"> Lire la suite&#8230;<\/a><\/p>\n","protected":false},"excerpt":{"rendered":"<p>Tesla vit un moment charni\u00e8re, l&rsquo;entreprise est en grande difficult\u00e9 financi\u00e8re. Elle doit se redresser rapidement et ses 3 projets pourraient l&rsquo;aider&#8230;. <a class=\"continue-reading-link\" href=\"https:\/\/www.evearly.news\/fr\/les-5-projets-et-voitures-de-tesla-qui-vont-changer-son-avenir\/\"><\/a><\/p>\n","protected":false},"author":18,"featured_media":282589,"comment_status":"closed","ping_status":"open","sticky":false,"template":"Default","format":"standard","meta":{"footnotes":""},"categories":[19],"tags":[],"class_list":["post-282588","post","type-post","status-publish","format-standard","has-post-thumbnail","hentry","category-presse-citron"],"_links":{"self":[{"href":"https:\/\/www.evearly.news\/fr\/wp-json\/wp\/v2\/posts\/282588","targetHints":{"allow":["GET"]}}],"collection":[{"href":"https:\/\/www.evearly.news\/fr\/wp-json\/wp\/v2\/posts"}],"about":[{"href":"https:\/\/www.evearly.news\/fr\/wp-json\/wp\/v2\/types\/post"}],"author":[{"embeddable":true,"href":"https:\/\/www.evearly.news\/fr\/wp-json\/wp\/v2\/users\/18"}],"replies":[{"embeddable":true,"href":"https:\/\/www.evearly.news\/fr\/wp-json\/wp\/v2\/comments?post=282588"}],"version-history":[{"count":0,"href":"https:\/\/www.evearly.news\/fr\/wp-json\/wp\/v2\/posts\/282588\/revisions"}],"wp:featuredmedia":[{"embeddable":true,"href":"https:\/\/www.evearly.news\/fr\/wp-json\/wp\/v2\/media\/282589"}],"wp:attachment":[{"href":"https:\/\/www.evearly.news\/fr\/wp-json\/wp\/v2\/media?parent=282588"}],"wp:term":[{"taxonomy":"category","embeddable":true,"href":"https:\/\/www.evearly.news\/fr\/wp-json\/wp\/v2\/categories?post=282588"},{"taxonomy":"post_tag","embeddable":true,"href":"https:\/\/www.evearly.news\/fr\/wp-json\/wp\/v2\/tags?post=282588"}],"curies":[{"name":"wp","href":"https:\/\/api.w.org\/{rel}","templated":true}]}}