{"id":282734,"date":"2024-06-19T17:27:02","date_gmt":"2024-06-19T15:27:02","guid":{"rendered":"https:\/\/www.evearly.news\/fr\/voiture-electrique-pourquoi-1-proprietaire-sur-3-revient-a-une-voiture-thermique\/"},"modified":"2024-06-19T17:27:02","modified_gmt":"2024-06-19T15:27:02","slug":"voiture-electrique-pourquoi-1-proprietaire-sur-3-revient-a-une-voiture-thermique","status":"publish","type":"post","link":"https:\/\/www.evearly.news\/fr\/voiture-electrique-pourquoi-1-proprietaire-sur-3-revient-a-une-voiture-thermique\/","title":{"rendered":"Voiture \u00e9lectrique\u00a0: pourquoi 1 propri\u00e9taire sur 3 revient \u00e0 une voiture thermique\u00a0?"},"content":{"rendered":"<p><img loading=\"lazy\" width=\"1500\" height=\"1000\" src=\"https:\/\/www.evearly.news\/fr\/wp-content\/uploads\/sites\/6\/2024\/06\/voiture-electrique-pourquoi-1-proprietaire-sur-3-revient-a-une-voiture-thermique.jpg\" class=\"attachment-full size-full wp-post-image\" alt=\"Electrique Thermique Etude\" decoding=\"async\" srcset=\"https:\/\/www.evearly.news\/fr\/wp-content\/uploads\/sites\/6\/2024\/06\/voiture-electrique-pourquoi-1-proprietaire-sur-3-revient-a-une-voiture-thermique.jpg 1500w, https:\/\/www.evearly.news\/fr\/wp-content\/uploads\/sites\/6\/2024\/06\/voiture-electrique-pourquoi-1-proprietaire-sur-3-revient-a-une-voiture-thermique-1.jpg 504w, https:\/\/www.evearly.news\/fr\/wp-content\/uploads\/sites\/6\/2024\/06\/voiture-electrique-pourquoi-1-proprietaire-sur-3-revient-a-une-voiture-thermique-2.jpg 1024w, https:\/\/www.evearly.news\/fr\/wp-content\/uploads\/sites\/6\/2024\/06\/voiture-electrique-pourquoi-1-proprietaire-sur-3-revient-a-une-voiture-thermique-3.jpg 50w, https:\/\/www.evearly.news\/fr\/wp-content\/uploads\/sites\/6\/2024\/06\/voiture-electrique-pourquoi-1-proprietaire-sur-3-revient-a-une-voiture-thermique-4.jpg 336w, https:\/\/www.evearly.news\/fr\/wp-content\/uploads\/sites\/6\/2024\/06\/voiture-electrique-pourquoi-1-proprietaire-sur-3-revient-a-une-voiture-thermique-5.jpg 1400w, https:\/\/www.evearly.news\/fr\/wp-content\/uploads\/sites\/6\/2024\/06\/voiture-electrique-pourquoi-1-proprietaire-sur-3-revient-a-une-voiture-thermique-6.jpg 680w, https:\/\/www.presse-citron.net\/app\/uploads\/2024\/06\/electrique-thermique-etude-896x597.jpg 896w\" sizes=\"auto, (max-width: 1500px) 100vw, 1500px\"><\/p>\n<p>Une \u00e9tude r\u00e9v\u00e8le que 30% des possesseurs de voitures \u00e9lectriques envisagent de revenir au thermique. Mais pourquoi ?<a href=\"https:\/\/www.presse-citron.net\/voiture-electrique-pourquoi-1-proprietaire-sur-3-revient-a-une-voiture-thermique\/\" target=\"blank\" rel=\"noopener\"> Lire la suite&#8230;<\/a><\/p>\n","protected":false},"excerpt":{"rendered":"<p>Une \u00e9tude r\u00e9v\u00e8le que 30% des possesseurs de voitures \u00e9lectriques envisagent de revenir au thermique. Mais pourquoi ?&#8230; <a class=\"continue-reading-link\" href=\"https:\/\/www.evearly.news\/fr\/voiture-electrique-pourquoi-1-proprietaire-sur-3-revient-a-une-voiture-thermique\/\"><\/a><\/p>\n","protected":false},"author":18,"featured_media":282735,"comment_status":"closed","ping_status":"open","sticky":false,"template":"Default","format":"standard","meta":{"footnotes":""},"categories":[19],"tags":[],"class_list":["post-282734","post","type-post","status-publish","format-standard","has-post-thumbnail","hentry","category-presse-citron"],"_links":{"self":[{"href":"https:\/\/www.evearly.news\/fr\/wp-json\/wp\/v2\/posts\/282734","targetHints":{"allow":["GET"]}}],"collection":[{"href":"https:\/\/www.evearly.news\/fr\/wp-json\/wp\/v2\/posts"}],"about":[{"href":"https:\/\/www.evearly.news\/fr\/wp-json\/wp\/v2\/types\/post"}],"author":[{"embeddable":true,"href":"https:\/\/www.evearly.news\/fr\/wp-json\/wp\/v2\/users\/18"}],"replies":[{"embeddable":true,"href":"https:\/\/www.evearly.news\/fr\/wp-json\/wp\/v2\/comments?post=282734"}],"version-history":[{"count":0,"href":"https:\/\/www.evearly.news\/fr\/wp-json\/wp\/v2\/posts\/282734\/revisions"}],"wp:featuredmedia":[{"embeddable":true,"href":"https:\/\/www.evearly.news\/fr\/wp-json\/wp\/v2\/media\/282735"}],"wp:attachment":[{"href":"https:\/\/www.evearly.news\/fr\/wp-json\/wp\/v2\/media?parent=282734"}],"wp:term":[{"taxonomy":"category","embeddable":true,"href":"https:\/\/www.evearly.news\/fr\/wp-json\/wp\/v2\/categories?post=282734"},{"taxonomy":"post_tag","embeddable":true,"href":"https:\/\/www.evearly.news\/fr\/wp-json\/wp\/v2\/tags?post=282734"}],"curies":[{"name":"wp","href":"https:\/\/api.w.org\/{rel}","templated":true}]}}