{"id":282884,"date":"2024-06-21T14:54:45","date_gmt":"2024-06-21T12:54:45","guid":{"rendered":"https:\/\/www.evearly.news\/fr\/29-des-acheteurs-de-voitures-electriques-veulent-retourner-au-thermique\/"},"modified":"2024-06-21T14:54:45","modified_gmt":"2024-06-21T12:54:45","slug":"29-des-acheteurs-de-voitures-electriques-veulent-retourner-au-thermique","status":"publish","type":"post","link":"https:\/\/www.evearly.news\/fr\/29-des-acheteurs-de-voitures-electriques-veulent-retourner-au-thermique\/","title":{"rendered":"29\u00a0% des acheteurs de voitures \u00e9lectriques veulent retourner au thermique"},"content":{"rendered":"<p><img decoding=\"async\" src=\"https:\/\/www.evearly.news\/fr\/wp-content\/uploads\/sites\/6\/2024\/06\/29-des-acheteurs-de-voitures-electriques-veulent-retourner-au-thermique.jpg\"\/><br \/>\n\t\t\t\t\tSelon une \u00e9tude du cabinet McKinsey, un peu moins d&rsquo;un tiers des automobilistes pass\u00e9s \u00e0 l&rsquo;\u00e9lectrique dans 15 pays du monde souhaitent revenir au thermique. En cause : le manque d&rsquo;infrastructures, le peu d&rsquo;autonomie et le prix des autos. Mais ce taux de rejet est un peu inf\u00e9rieur en Europe. <a href=\"https:\/\/www.caradisiac.com\/29-des-acheteurs-de-voitures-electriques-veulent-retourner-au-thermique-209484.htm#xtor=RSS-40\" target=\"blank\" rel=\"noopener\">Lire la suite&#8230;<\/a><\/p>\n","protected":false},"excerpt":{"rendered":"<p><img decoding=\"async\" src=\"https:\/\/www.evearly.news\/fr\/wp-content\/uploads\/sites\/6\/2024\/06\/29-des-acheteurs-de-voitures-electriques-veulent-retourner-au-thermique.jpg\" \/><br \/>\n\t\t\t\t\tSelon une \u00e9tude du cabinet McKinsey, un peu moins d&rsquo;un tiers des automobilistes pass\u00e9s \u00e0 l&rsquo;\u00e9lectrique dans 15 pays du monde souhaitent revenir au thermique. En cause : le manque d&rsquo;infrastructures, le peu d&rsquo;autonomie et le prix des autos. Mais ce taux de rejet est un peu inf\u00e9rieur en Europe.<\/p>\n<p> <a class=\"continue-reading-link\" href=\"https:\/\/www.evearly.news\/fr\/29-des-acheteurs-de-voitures-electriques-veulent-retourner-au-thermique\/\"><\/a><\/p>\n","protected":false},"author":11,"featured_media":282885,"comment_status":"closed","ping_status":"open","sticky":false,"template":"Default","format":"standard","meta":{"footnotes":""},"categories":[11],"tags":[],"class_list":["post-282884","post","type-post","status-publish","format-standard","has-post-thumbnail","hentry","category-caradisiac"],"_links":{"self":[{"href":"https:\/\/www.evearly.news\/fr\/wp-json\/wp\/v2\/posts\/282884","targetHints":{"allow":["GET"]}}],"collection":[{"href":"https:\/\/www.evearly.news\/fr\/wp-json\/wp\/v2\/posts"}],"about":[{"href":"https:\/\/www.evearly.news\/fr\/wp-json\/wp\/v2\/types\/post"}],"author":[{"embeddable":true,"href":"https:\/\/www.evearly.news\/fr\/wp-json\/wp\/v2\/users\/11"}],"replies":[{"embeddable":true,"href":"https:\/\/www.evearly.news\/fr\/wp-json\/wp\/v2\/comments?post=282884"}],"version-history":[{"count":0,"href":"https:\/\/www.evearly.news\/fr\/wp-json\/wp\/v2\/posts\/282884\/revisions"}],"wp:featuredmedia":[{"embeddable":true,"href":"https:\/\/www.evearly.news\/fr\/wp-json\/wp\/v2\/media\/282885"}],"wp:attachment":[{"href":"https:\/\/www.evearly.news\/fr\/wp-json\/wp\/v2\/media?parent=282884"}],"wp:term":[{"taxonomy":"category","embeddable":true,"href":"https:\/\/www.evearly.news\/fr\/wp-json\/wp\/v2\/categories?post=282884"},{"taxonomy":"post_tag","embeddable":true,"href":"https:\/\/www.evearly.news\/fr\/wp-json\/wp\/v2\/tags?post=282884"}],"curies":[{"name":"wp","href":"https:\/\/api.w.org\/{rel}","templated":true}]}}