{"id":282888,"date":"2024-06-21T15:54:59","date_gmt":"2024-06-21T13:54:59","guid":{"rendered":"https:\/\/www.evearly.news\/fr\/apres-la-su7-xiaomi-travaille-deja-sur-une-autre-voiture-electrique-voici-les-premieres-photos-de-ce-futur-modele\/"},"modified":"2024-06-21T15:54:59","modified_gmt":"2024-06-21T13:54:59","slug":"apres-la-su7-xiaomi-travaille-deja-sur-une-autre-voiture-electrique-voici-les-premieres-photos-de-ce-futur-modele","status":"publish","type":"post","link":"https:\/\/www.evearly.news\/fr\/apres-la-su7-xiaomi-travaille-deja-sur-une-autre-voiture-electrique-voici-les-premieres-photos-de-ce-futur-modele\/","title":{"rendered":"Apr\u00e8s la SU7, Xiaomi travaille d\u00e9j\u00e0 sur une autre voiture \u00e9lectrique. Voici les premi\u00e8res photos de ce futur mod\u00e8le"},"content":{"rendered":"<p><img decoding=\"async\" src=\"https:\/\/www.evearly.news\/fr\/wp-content\/uploads\/sites\/6\/2024\/06\/apres-la-su7-xiaomi-travaille-deja-sur-une-autre-voiture-electrique-voici-les-premieres-photos-de-ce-futur-modele.jpg\"><br \/>Des clich\u00e9s espions ont r\u00e9cemment r\u00e9v\u00e9l\u00e9 un SUV en phase de test routier en Chine. Avec ses lignes qui rappellent le Ferrari Purosangue, voici les premi\u00e8res images du MX11, le prochain v\u00e9hicule \u00e9lectrique de Xiaomi. Xiaomi, le g\u00e9ant chinois des&#8230; <a href=\"https:\/\/www.phonandroid.com\/apres-la-su7-xiaomi-travaille-deja-sur-une-autre-voiture-electrique-voici-les-premieres-photos-de-ce-futur-modele.html\" target=\"blank\" rel=\"noopener\">Lire la suite&#8230;<\/a><\/p>\n","protected":false},"excerpt":{"rendered":"<p>Des clich\u00e9s espions ont r\u00e9cemment r\u00e9v\u00e9l\u00e9 un SUV en phase de test routier en Chine. Avec ses lignes qui rappellent le Ferrari Purosangue, voici les premi\u00e8res images du MX11, le prochain v\u00e9hicule \u00e9lectrique de Xiaomi. Xiaomi, le g\u00e9ant chinois des&#8230;&#8230; <a class=\"continue-reading-link\" href=\"https:\/\/www.evearly.news\/fr\/apres-la-su7-xiaomi-travaille-deja-sur-une-autre-voiture-electrique-voici-les-premieres-photos-de-ce-futur-modele\/\"><\/a><\/p>\n","protected":false},"author":17,"featured_media":282889,"comment_status":"closed","ping_status":"open","sticky":false,"template":"Default","format":"standard","meta":{"footnotes":""},"categories":[18],"tags":[],"class_list":["post-282888","post","type-post","status-publish","format-standard","has-post-thumbnail","hentry","category-phonandroid"],"_links":{"self":[{"href":"https:\/\/www.evearly.news\/fr\/wp-json\/wp\/v2\/posts\/282888","targetHints":{"allow":["GET"]}}],"collection":[{"href":"https:\/\/www.evearly.news\/fr\/wp-json\/wp\/v2\/posts"}],"about":[{"href":"https:\/\/www.evearly.news\/fr\/wp-json\/wp\/v2\/types\/post"}],"author":[{"embeddable":true,"href":"https:\/\/www.evearly.news\/fr\/wp-json\/wp\/v2\/users\/17"}],"replies":[{"embeddable":true,"href":"https:\/\/www.evearly.news\/fr\/wp-json\/wp\/v2\/comments?post=282888"}],"version-history":[{"count":0,"href":"https:\/\/www.evearly.news\/fr\/wp-json\/wp\/v2\/posts\/282888\/revisions"}],"wp:featuredmedia":[{"embeddable":true,"href":"https:\/\/www.evearly.news\/fr\/wp-json\/wp\/v2\/media\/282889"}],"wp:attachment":[{"href":"https:\/\/www.evearly.news\/fr\/wp-json\/wp\/v2\/media?parent=282888"}],"wp:term":[{"taxonomy":"category","embeddable":true,"href":"https:\/\/www.evearly.news\/fr\/wp-json\/wp\/v2\/categories?post=282888"},{"taxonomy":"post_tag","embeddable":true,"href":"https:\/\/www.evearly.news\/fr\/wp-json\/wp\/v2\/tags?post=282888"}],"curies":[{"name":"wp","href":"https:\/\/api.w.org\/{rel}","templated":true}]}}