{"id":283263,"date":"2024-06-28T11:25:58","date_gmt":"2024-06-28T09:25:58","guid":{"rendered":"https:\/\/www.evearly.news\/fr\/bonne-nouvelle-pour-le-prix-de-certaines-voitures-electriques-chinoises-vendues-en-europe\/"},"modified":"2024-06-28T11:25:58","modified_gmt":"2024-06-28T09:25:58","slug":"bonne-nouvelle-pour-le-prix-de-certaines-voitures-electriques-chinoises-vendues-en-europe","status":"publish","type":"post","link":"https:\/\/www.evearly.news\/fr\/bonne-nouvelle-pour-le-prix-de-certaines-voitures-electriques-chinoises-vendues-en-europe\/","title":{"rendered":"Bonne nouvelle pour le prix de certaines voitures \u00e9lectriques chinoises vendues en Europe"},"content":{"rendered":"<p><img width=\"1200\" height=\"800\" src=\"https:\/\/www.evearly.news\/fr\/wp-content\/uploads\/sites\/6\/2024\/06\/bonne-nouvelle-pour-le-prix-de-certaines-voitures-electriques-chinoises-vendues-en-europe.jpg\" class=\"attachment-large size-large wp-post-image\" alt=\"\" decoding=\"async\" loading=\"lazy\" \/<br \/>Apr\u00e8s avoir annonc\u00e9 une augmentation des droits de douane sur les voitures \u00e9lectriques produites en Chine, l\u2019Union europ\u00e9enne a d\u00e9cid\u00e9 de faire un petit geste. Bruxelles a r\u00e9duit les taxes pour deux constructeurs, alors que l\u2019Empire du Milieu a vivement r\u00e9agi \u00e0 cette mesure jug\u00e9e injustifi\u00e9e. <a href=\"https:\/\/www.frandroid.com\/survoltes\/voitures-electriques\/2062572_bonne-nouvelle-pour-le-prix-de-certaines-voitures-electriques-chinoises-vendues-en-europe\" target='bwindow' rel=\"noopener\">Lire la suite&#8230;<\/a><\/p>\n","protected":false},"excerpt":{"rendered":"<p>&lt;img width=&quot;1200&quot; height=&quot;800&quot; src=&quot;https:\/\/www.evearly.news\/fr\/wp-content\/uploads\/sites\/6\/2024\/06\/bonne-nouvelle-pour-le-prix-de-certaines-voitures-electriques-chinoises-vendues-en-europe.jpg&quot; class=&quot;attachment-large size-large wp-post-image&quot; alt=&quot;&quot; decoding=&quot;async&quot; loading=&quot;lazy&quot; \/<br \/>Apr\u00e8s avoir annonc\u00e9 une augmentation des droits de douane sur les voitures \u00e9lectriques produites en Chine, l\u2019Union europ\u00e9enne a d\u00e9cid\u00e9 de faire un petit geste. Bruxelles a r\u00e9duit les taxes pour deux constructeurs, alors que l\u2019Empire du Milieu a vivement r\u00e9agi \u00e0 cette mesure jug\u00e9e injustifi\u00e9e.<\/p>\n<p> <a class=\"continue-reading-link\" href=\"https:\/\/www.evearly.news\/fr\/bonne-nouvelle-pour-le-prix-de-certaines-voitures-electriques-chinoises-vendues-en-europe\/\"><\/a><\/p>\n","protected":false},"author":6,"featured_media":283264,"comment_status":"closed","ping_status":"open","sticky":false,"template":"Default","format":"standard","meta":{"footnotes":""},"categories":[14],"tags":[],"class_list":["post-283263","post","type-post","status-publish","format-standard","has-post-thumbnail","hentry","category-frandroid"],"_links":{"self":[{"href":"https:\/\/www.evearly.news\/fr\/wp-json\/wp\/v2\/posts\/283263","targetHints":{"allow":["GET"]}}],"collection":[{"href":"https:\/\/www.evearly.news\/fr\/wp-json\/wp\/v2\/posts"}],"about":[{"href":"https:\/\/www.evearly.news\/fr\/wp-json\/wp\/v2\/types\/post"}],"author":[{"embeddable":true,"href":"https:\/\/www.evearly.news\/fr\/wp-json\/wp\/v2\/users\/6"}],"replies":[{"embeddable":true,"href":"https:\/\/www.evearly.news\/fr\/wp-json\/wp\/v2\/comments?post=283263"}],"version-history":[{"count":0,"href":"https:\/\/www.evearly.news\/fr\/wp-json\/wp\/v2\/posts\/283263\/revisions"}],"wp:featuredmedia":[{"embeddable":true,"href":"https:\/\/www.evearly.news\/fr\/wp-json\/wp\/v2\/media\/283264"}],"wp:attachment":[{"href":"https:\/\/www.evearly.news\/fr\/wp-json\/wp\/v2\/media?parent=283263"}],"wp:term":[{"taxonomy":"category","embeddable":true,"href":"https:\/\/www.evearly.news\/fr\/wp-json\/wp\/v2\/categories?post=283263"},{"taxonomy":"post_tag","embeddable":true,"href":"https:\/\/www.evearly.news\/fr\/wp-json\/wp\/v2\/tags?post=283263"}],"curies":[{"name":"wp","href":"https:\/\/api.w.org\/{rel}","templated":true}]}}