{"id":283755,"date":"2024-07-07T14:22:56","date_gmt":"2024-07-07T12:22:56","guid":{"rendered":"https:\/\/www.evearly.news\/fr\/voila-pourquoi-il-faut-eviter-de-laisser-sa-voiture-electrique-branchee-toute-la-nuit\/"},"modified":"2024-07-07T14:22:56","modified_gmt":"2024-07-07T12:22:56","slug":"voila-pourquoi-il-faut-eviter-de-laisser-sa-voiture-electrique-branchee-toute-la-nuit","status":"publish","type":"post","link":"https:\/\/www.evearly.news\/fr\/voila-pourquoi-il-faut-eviter-de-laisser-sa-voiture-electrique-branchee-toute-la-nuit\/","title":{"rendered":"Voil\u00e0 pourquoi il faut \u00e9viter de laisser sa voiture \u00e9lectrique branch\u00e9e toute la nuit"},"content":{"rendered":"<p><img loading=\"lazy\" width=\"1400\" height=\"932\" src=\"https:\/\/www.evearly.news\/fr\/wp-content\/uploads\/sites\/6\/2024\/07\/voila-pourquoi-il-faut-eviter-de-laisser-sa-voiture-electrique-branchee-toute-la-nuit.jpg\" class=\"attachment-full size-full wp-post-image\" alt=\"Tesla recharge\" decoding=\"async\" srcset=\"https:\/\/www.evearly.news\/fr\/wp-content\/uploads\/sites\/6\/2024\/07\/voila-pourquoi-il-faut-eviter-de-laisser-sa-voiture-electrique-branchee-toute-la-nuit.jpg 1400w, https:\/\/www.evearly.news\/fr\/wp-content\/uploads\/sites\/6\/2024\/07\/voila-pourquoi-il-faut-eviter-de-laisser-sa-voiture-electrique-branchee-toute-la-nuit-1.jpg 505w, https:\/\/www.evearly.news\/fr\/wp-content\/uploads\/sites\/6\/2024\/07\/voila-pourquoi-il-faut-eviter-de-laisser-sa-voiture-electrique-branchee-toute-la-nuit-2.jpg 1024w, https:\/\/www.presse-citron.net\/app\/uploads\/2023\/07\/0x0-Charging_13-50x33.jpg 50w\" sizes=\"auto, (max-width: 1400px) 100vw, 1400px\"><\/p>\n<p>\u00c0 l\u2019image des smartphones, il faut \u00eatre d\u2019autant plus vigilant en rechargeant les voitures \u00e9lectriques qui pr\u00e9sentent un risque r\u00e9el en cas d\u2019utilisation inconsid\u00e9r\u00e9e.<a href=\"https:\/\/www.presse-citron.net\/voila-pourquoi-il-faut-eviter-de-laisser-sa-voiture-electrique-branchee-toute-la-nuit\/\" target=\"blank\" rel=\"noopener\"> Lire la suite&#8230;<\/a><\/p>\n","protected":false},"excerpt":{"rendered":"<p>\u00c0 l\u2019image des smartphones, il faut \u00eatre d\u2019autant plus vigilant en rechargeant les voitures \u00e9lectriques qui pr\u00e9sentent un risque r\u00e9el en cas d\u2019utilisation inconsid\u00e9r\u00e9e&#8230;. <a class=\"continue-reading-link\" href=\"https:\/\/www.evearly.news\/fr\/voila-pourquoi-il-faut-eviter-de-laisser-sa-voiture-electrique-branchee-toute-la-nuit\/\"><\/a><\/p>\n","protected":false},"author":18,"featured_media":283756,"comment_status":"closed","ping_status":"open","sticky":false,"template":"Default","format":"standard","meta":{"footnotes":""},"categories":[19],"tags":[],"class_list":["post-283755","post","type-post","status-publish","format-standard","has-post-thumbnail","hentry","category-presse-citron"],"_links":{"self":[{"href":"https:\/\/www.evearly.news\/fr\/wp-json\/wp\/v2\/posts\/283755","targetHints":{"allow":["GET"]}}],"collection":[{"href":"https:\/\/www.evearly.news\/fr\/wp-json\/wp\/v2\/posts"}],"about":[{"href":"https:\/\/www.evearly.news\/fr\/wp-json\/wp\/v2\/types\/post"}],"author":[{"embeddable":true,"href":"https:\/\/www.evearly.news\/fr\/wp-json\/wp\/v2\/users\/18"}],"replies":[{"embeddable":true,"href":"https:\/\/www.evearly.news\/fr\/wp-json\/wp\/v2\/comments?post=283755"}],"version-history":[{"count":0,"href":"https:\/\/www.evearly.news\/fr\/wp-json\/wp\/v2\/posts\/283755\/revisions"}],"wp:featuredmedia":[{"embeddable":true,"href":"https:\/\/www.evearly.news\/fr\/wp-json\/wp\/v2\/media\/283756"}],"wp:attachment":[{"href":"https:\/\/www.evearly.news\/fr\/wp-json\/wp\/v2\/media?parent=283755"}],"wp:term":[{"taxonomy":"category","embeddable":true,"href":"https:\/\/www.evearly.news\/fr\/wp-json\/wp\/v2\/categories?post=283755"},{"taxonomy":"post_tag","embeddable":true,"href":"https:\/\/www.evearly.news\/fr\/wp-json\/wp\/v2\/tags?post=283755"}],"curies":[{"name":"wp","href":"https:\/\/api.w.org\/{rel}","templated":true}]}}