{"id":283805,"date":"2024-07-08T14:00:55","date_gmt":"2024-07-08T12:00:55","guid":{"rendered":"https:\/\/www.evearly.news\/fr\/la-bonne-nouvelle-est-confirmee-pour-les-prix-de-la-mg4-electrique-abordable\/"},"modified":"2024-07-08T14:00:55","modified_gmt":"2024-07-08T12:00:55","slug":"la-bonne-nouvelle-est-confirmee-pour-les-prix-de-la-mg4-electrique-abordable","status":"publish","type":"post","link":"https:\/\/www.evearly.news\/fr\/la-bonne-nouvelle-est-confirmee-pour-les-prix-de-la-mg4-electrique-abordable\/","title":{"rendered":"La bonne nouvelle est confirm\u00e9e pour les prix de la MG4 \u00e9lectrique abordable"},"content":{"rendered":"<p><img loading=\"lazy\" width=\"1200\" height=\"800\" src=\"https:\/\/www.evearly.news\/fr\/wp-content\/uploads\/sites\/6\/2024\/07\/la-bonne-nouvelle-est-confirmee-pour-les-prix-de-la-mg4-electrique-abordable.jpg\" class=\"attachment-large size-large wp-post-image\" alt=\"\" decoding=\"async\" \/<br \/>La MG4 est l&rsquo;une des voitures \u00e9lectriques dot\u00e9es du meilleur rapport qualit\u00e9 \/ prix. Sa production en Chine lui emp\u00eache d&rsquo;avoir acc\u00e8s au bonus \u00e9cologique et lui impose un droit de douane suppl\u00e9mentaire. Mais MG France rassure : les prix n&rsquo;augmenteront pas avant au moins octobre 2024. <a href=https:\/\/www.frandroid.com\/marques\/mg\/2071556_la-bonne-nouvelle-est-confirmee-pour-les-prix-de-la-mg4-electrique-abordable>Lire la suite&#8230;<\/a><\/p>\n","protected":false},"excerpt":{"rendered":"<p>&lt;img width=&quot;1200&quot; height=&quot;800&quot; src=&quot;https:\/\/www.evearly.news\/fr\/wp-content\/uploads\/sites\/6\/2024\/07\/la-bonne-nouvelle-est-confirmee-pour-les-prix-de-la-mg4-electrique-abordable.jpg&quot; class=&quot;attachment-large size-large wp-post-image&quot; alt=&quot;&quot; decoding=&quot;async&quot; \/<br \/>La MG4 est l&rsquo;une des voitures \u00e9lectriques dot\u00e9es du meilleur rapport qualit\u00e9 \/ prix. Sa production en Chine lui emp\u00eache d&rsquo;avoir acc\u00e8s au bonus \u00e9cologique et lui impose un droit de douane suppl\u00e9mentaire. Mais MG France rassure : les prix n&rsquo;augmenteront pas avant au moins octobre 2024.<\/p>\n<p> <a class=\"continue-reading-link\" href=\"https:\/\/www.evearly.news\/fr\/la-bonne-nouvelle-est-confirmee-pour-les-prix-de-la-mg4-electrique-abordable\/\"><\/a><\/p>\n","protected":false},"author":6,"featured_media":283806,"comment_status":"closed","ping_status":"open","sticky":false,"template":"Default","format":"standard","meta":{"footnotes":""},"categories":[14],"tags":[],"class_list":["post-283805","post","type-post","status-publish","format-standard","has-post-thumbnail","hentry","category-frandroid"],"_links":{"self":[{"href":"https:\/\/www.evearly.news\/fr\/wp-json\/wp\/v2\/posts\/283805","targetHints":{"allow":["GET"]}}],"collection":[{"href":"https:\/\/www.evearly.news\/fr\/wp-json\/wp\/v2\/posts"}],"about":[{"href":"https:\/\/www.evearly.news\/fr\/wp-json\/wp\/v2\/types\/post"}],"author":[{"embeddable":true,"href":"https:\/\/www.evearly.news\/fr\/wp-json\/wp\/v2\/users\/6"}],"replies":[{"embeddable":true,"href":"https:\/\/www.evearly.news\/fr\/wp-json\/wp\/v2\/comments?post=283805"}],"version-history":[{"count":0,"href":"https:\/\/www.evearly.news\/fr\/wp-json\/wp\/v2\/posts\/283805\/revisions"}],"wp:featuredmedia":[{"embeddable":true,"href":"https:\/\/www.evearly.news\/fr\/wp-json\/wp\/v2\/media\/283806"}],"wp:attachment":[{"href":"https:\/\/www.evearly.news\/fr\/wp-json\/wp\/v2\/media?parent=283805"}],"wp:term":[{"taxonomy":"category","embeddable":true,"href":"https:\/\/www.evearly.news\/fr\/wp-json\/wp\/v2\/categories?post=283805"},{"taxonomy":"post_tag","embeddable":true,"href":"https:\/\/www.evearly.news\/fr\/wp-json\/wp\/v2\/tags?post=283805"}],"curies":[{"name":"wp","href":"https:\/\/api.w.org\/{rel}","templated":true}]}}