{"id":283899,"date":"2024-07-09T14:52:16","date_gmt":"2024-07-09T12:52:16","guid":{"rendered":"https:\/\/www.evearly.news\/fr\/decouvrez-notre-essai-video-du-nouvel-alfa-romeo-junior\/"},"modified":"2024-07-09T14:52:16","modified_gmt":"2024-07-09T12:52:16","slug":"decouvrez-notre-essai-video-du-nouvel-alfa-romeo-junior","status":"publish","type":"post","link":"https:\/\/www.evearly.news\/fr\/decouvrez-notre-essai-video-du-nouvel-alfa-romeo-junior\/","title":{"rendered":"D\u00e9couvrez notre essai vid\u00e9o du nouvel Alfa Romeo Junior !"},"content":{"rendered":"<div class=\"media_block\"><img decoding=\"async\" src=\"https:\/\/www.evearly.news\/fr\/wp-content\/uploads\/sites\/6\/2024\/07\/decouvrez-notre-essai-video-du-nouvel-alfa-romeo-junior.jpg\"><\/div>\n<p>Alfa Romeo ressort l&rsquo;appellation Junior de ses cartons pour l&rsquo;apposer sur sa derni\u00e8re cr\u00e9ation. Nous avons d\u00e9couvert le nouveau petit SUV fort en gueule dans sa version la plus \u00e9nerv\u00e9e, de 280 ch ! Si celle-ci est \u00e9lectrique, d&rsquo;autres motorisations et d&rsquo;autres \u00e9nergies seront aussi disponibles sur le Junior. D\u00e9couvrez avec nous nos premi\u00e8res impressions \u00e0 bord de cette Alfa Romeo d&rsquo;un nouveau genre. <a href=\"https:\/\/www.automobile-magazine.fr\/voitures-electriques\/article\/43730-decouvrez-notre-essai-video-du-nouvel-alfa-romeo-junior\" target='bwindow' rel=\"noopener\">Lire la suite&#8230;<\/a><\/p>\n","protected":false},"excerpt":{"rendered":"<div class=\"media_block\"><img decoding=\"async\" src=\"https:\/\/www.evearly.news\/fr\/wp-content\/uploads\/sites\/6\/2024\/07\/decouvrez-notre-essai-video-du-nouvel-alfa-romeo-junior.jpg\"><\/div>\n<p> <a class=\"continue-reading-link\" href=\"https:\/\/www.evearly.news\/fr\/decouvrez-notre-essai-video-du-nouvel-alfa-romeo-junior\/\"><\/a><\/p>\n","protected":false},"author":7,"featured_media":283900,"comment_status":"closed","ping_status":"open","sticky":false,"template":"Default","format":"standard","meta":{"footnotes":""},"categories":[7],"tags":[],"class_list":["post-283899","post","type-post","status-publish","format-standard","has-post-thumbnail","hentry","category-automobile-magazine"],"_links":{"self":[{"href":"https:\/\/www.evearly.news\/fr\/wp-json\/wp\/v2\/posts\/283899","targetHints":{"allow":["GET"]}}],"collection":[{"href":"https:\/\/www.evearly.news\/fr\/wp-json\/wp\/v2\/posts"}],"about":[{"href":"https:\/\/www.evearly.news\/fr\/wp-json\/wp\/v2\/types\/post"}],"author":[{"embeddable":true,"href":"https:\/\/www.evearly.news\/fr\/wp-json\/wp\/v2\/users\/7"}],"replies":[{"embeddable":true,"href":"https:\/\/www.evearly.news\/fr\/wp-json\/wp\/v2\/comments?post=283899"}],"version-history":[{"count":0,"href":"https:\/\/www.evearly.news\/fr\/wp-json\/wp\/v2\/posts\/283899\/revisions"}],"wp:featuredmedia":[{"embeddable":true,"href":"https:\/\/www.evearly.news\/fr\/wp-json\/wp\/v2\/media\/283900"}],"wp:attachment":[{"href":"https:\/\/www.evearly.news\/fr\/wp-json\/wp\/v2\/media?parent=283899"}],"wp:term":[{"taxonomy":"category","embeddable":true,"href":"https:\/\/www.evearly.news\/fr\/wp-json\/wp\/v2\/categories?post=283899"},{"taxonomy":"post_tag","embeddable":true,"href":"https:\/\/www.evearly.news\/fr\/wp-json\/wp\/v2\/tags?post=283899"}],"curies":[{"name":"wp","href":"https:\/\/api.w.org\/{rel}","templated":true}]}}