{"id":283901,"date":"2024-07-09T14:52:43","date_gmt":"2024-07-09T12:52:43","guid":{"rendered":"https:\/\/www.evearly.news\/fr\/alfa-romeo-junior-premier-contact-avec-le-petit-suv-italien-tres-attendu\/"},"modified":"2024-07-09T14:52:43","modified_gmt":"2024-07-09T12:52:43","slug":"alfa-romeo-junior-premier-contact-avec-le-petit-suv-italien-tres-attendu","status":"publish","type":"post","link":"https:\/\/www.evearly.news\/fr\/alfa-romeo-junior-premier-contact-avec-le-petit-suv-italien-tres-attendu\/","title":{"rendered":"Alfa Romeo Junior : premier contact avec le petit SUV italien tr\u00e8s attendu"},"content":{"rendered":"<div class=\"media_block\"><img decoding=\"async\" src=\"https:\/\/www.evearly.news\/fr\/wp-content\/uploads\/sites\/6\/2024\/07\/alfa-romeo-junior-premier-contact-avec-le-petit-suv-italien-tres-attendu.jpg\"><\/div>\n<p>Avec son Junior, Alfa Romeo se dote enfin du v\u00e9hicule grand public qui lui manquait tant. S\u00e9duisant sur la forme, s\u00e9rieux sur le fond, ce petit SUV urbain a, malgr\u00e9 des imperfections, son lot d&rsquo;arguments pour plaire. <a href=\"https:\/\/www.automobile-magazine.fr\/tous-les-essais\/article\/43721-alfa-romeo-junior-premier-contact-avec-le-petit-suv-italien-tres-attendu\" target='bwindow' rel=\"noopener\">Lire la suite&#8230;<\/a><\/p>\n","protected":false},"excerpt":{"rendered":"<div class=\"media_block\"><img decoding=\"async\" src=\"https:\/\/www.evearly.news\/fr\/wp-content\/uploads\/sites\/6\/2024\/07\/alfa-romeo-junior-premier-contact-avec-le-petit-suv-italien-tres-attendu.jpg\"><\/div>\n<p> <a class=\"continue-reading-link\" href=\"https:\/\/www.evearly.news\/fr\/alfa-romeo-junior-premier-contact-avec-le-petit-suv-italien-tres-attendu\/\"><\/a><\/p>\n","protected":false},"author":7,"featured_media":283902,"comment_status":"closed","ping_status":"open","sticky":false,"template":"Default","format":"standard","meta":{"footnotes":""},"categories":[7],"tags":[],"class_list":["post-283901","post","type-post","status-publish","format-standard","has-post-thumbnail","hentry","category-automobile-magazine"],"_links":{"self":[{"href":"https:\/\/www.evearly.news\/fr\/wp-json\/wp\/v2\/posts\/283901","targetHints":{"allow":["GET"]}}],"collection":[{"href":"https:\/\/www.evearly.news\/fr\/wp-json\/wp\/v2\/posts"}],"about":[{"href":"https:\/\/www.evearly.news\/fr\/wp-json\/wp\/v2\/types\/post"}],"author":[{"embeddable":true,"href":"https:\/\/www.evearly.news\/fr\/wp-json\/wp\/v2\/users\/7"}],"replies":[{"embeddable":true,"href":"https:\/\/www.evearly.news\/fr\/wp-json\/wp\/v2\/comments?post=283901"}],"version-history":[{"count":0,"href":"https:\/\/www.evearly.news\/fr\/wp-json\/wp\/v2\/posts\/283901\/revisions"}],"wp:featuredmedia":[{"embeddable":true,"href":"https:\/\/www.evearly.news\/fr\/wp-json\/wp\/v2\/media\/283902"}],"wp:attachment":[{"href":"https:\/\/www.evearly.news\/fr\/wp-json\/wp\/v2\/media?parent=283901"}],"wp:term":[{"taxonomy":"category","embeddable":true,"href":"https:\/\/www.evearly.news\/fr\/wp-json\/wp\/v2\/categories?post=283901"},{"taxonomy":"post_tag","embeddable":true,"href":"https:\/\/www.evearly.news\/fr\/wp-json\/wp\/v2\/tags?post=283901"}],"curies":[{"name":"wp","href":"https:\/\/api.w.org\/{rel}","templated":true}]}}