{"id":283907,"date":"2024-07-09T16:29:02","date_gmt":"2024-07-09T14:29:02","guid":{"rendered":"https:\/\/www.evearly.news\/fr\/volkswagen-augmente-lautonomie-et-reduit-le-prix-de-sa-voiture-electrique-la-plus-cool\/"},"modified":"2024-07-09T16:29:02","modified_gmt":"2024-07-09T14:29:02","slug":"volkswagen-augmente-lautonomie-et-reduit-le-prix-de-sa-voiture-electrique-la-plus-cool","status":"publish","type":"post","link":"https:\/\/www.evearly.news\/fr\/volkswagen-augmente-lautonomie-et-reduit-le-prix-de-sa-voiture-electrique-la-plus-cool\/","title":{"rendered":"Volkswagen augmente l\u2019autonomie et r\u00e9duit le prix de sa voiture \u00e9lectrique la plus cool"},"content":{"rendered":"<p><img width=\"1200\" height=\"673\" src=\"https:\/\/www.evearly.news\/fr\/wp-content\/uploads\/sites\/6\/2024\/07\/volkswagen-augmente-lautonomie-et-reduit-le-prix-de-sa-voiture-electrique-la-plus-cool.jpg\" class=\"attachment-large size-large wp-post-image\" alt=\"\" decoding=\"async\" loading=\"lazy\" \/<br \/>Vous aimiez le Volkswagen ID. Buzz ? Bonne nouvelle : le van \u00e9lectrique s&rsquo;am\u00e9liore avec l&rsquo;ouverture \u00e0 la commande de la version longue, capable d&rsquo;accueillir 7 places, tandis que la version courte re\u00e7oit une nouvelle batterie et un nouveau moteur, de quoi booster son autonomie. Avec, en bonus, un prix en baisse. Voici les caract\u00e9ristiques de cette voiture \u00e9lectrique. <a href=https:\/\/www.frandroid.com\/marques\/volkswagen\/2073470_volkswagen-augmente-lautonomie-et-reduit-le-prix-de-sa-voiture-electrique-la-plus-cool>Lire la suite&#8230;<\/a><\/p>\n","protected":false},"excerpt":{"rendered":"<p>&lt;img width=&quot;1200&quot; height=&quot;673&quot; src=&quot;https:\/\/www.evearly.news\/fr\/wp-content\/uploads\/sites\/6\/2024\/07\/volkswagen-augmente-lautonomie-et-reduit-le-prix-de-sa-voiture-electrique-la-plus-cool.jpg&quot; class=&quot;attachment-large size-large wp-post-image&quot; alt=&quot;&quot; decoding=&quot;async&quot; loading=&quot;lazy&quot; \/<br \/>Vous aimiez le Volkswagen ID. Buzz ? Bonne nouvelle : le van \u00e9lectrique s&rsquo;am\u00e9liore avec l&rsquo;ouverture \u00e0 la commande de la version longue, capable d&rsquo;accueillir 7 places, tandis que la version courte re\u00e7oit une nouvelle batterie et un nouveau moteur, de quoi booster son autonomie. Avec, en bonus, un prix en baisse. Voici les caract\u00e9ristiques de cette voiture \u00e9lectrique.<\/p>\n<p> <a class=\"continue-reading-link\" href=\"https:\/\/www.evearly.news\/fr\/volkswagen-augmente-lautonomie-et-reduit-le-prix-de-sa-voiture-electrique-la-plus-cool\/\"><\/a><\/p>\n","protected":false},"author":6,"featured_media":283908,"comment_status":"closed","ping_status":"open","sticky":false,"template":"Default","format":"standard","meta":{"footnotes":""},"categories":[14],"tags":[],"class_list":["post-283907","post","type-post","status-publish","format-standard","has-post-thumbnail","hentry","category-frandroid"],"_links":{"self":[{"href":"https:\/\/www.evearly.news\/fr\/wp-json\/wp\/v2\/posts\/283907","targetHints":{"allow":["GET"]}}],"collection":[{"href":"https:\/\/www.evearly.news\/fr\/wp-json\/wp\/v2\/posts"}],"about":[{"href":"https:\/\/www.evearly.news\/fr\/wp-json\/wp\/v2\/types\/post"}],"author":[{"embeddable":true,"href":"https:\/\/www.evearly.news\/fr\/wp-json\/wp\/v2\/users\/6"}],"replies":[{"embeddable":true,"href":"https:\/\/www.evearly.news\/fr\/wp-json\/wp\/v2\/comments?post=283907"}],"version-history":[{"count":0,"href":"https:\/\/www.evearly.news\/fr\/wp-json\/wp\/v2\/posts\/283907\/revisions"}],"wp:featuredmedia":[{"embeddable":true,"href":"https:\/\/www.evearly.news\/fr\/wp-json\/wp\/v2\/media\/283908"}],"wp:attachment":[{"href":"https:\/\/www.evearly.news\/fr\/wp-json\/wp\/v2\/media?parent=283907"}],"wp:term":[{"taxonomy":"category","embeddable":true,"href":"https:\/\/www.evearly.news\/fr\/wp-json\/wp\/v2\/categories?post=283907"},{"taxonomy":"post_tag","embeddable":true,"href":"https:\/\/www.evearly.news\/fr\/wp-json\/wp\/v2\/tags?post=283907"}],"curies":[{"name":"wp","href":"https:\/\/api.w.org\/{rel}","templated":true}]}}