{"id":284514,"date":"2024-07-19T13:26:09","date_gmt":"2024-07-19T11:26:09","guid":{"rendered":"https:\/\/www.evearly.news\/fr\/decouvrez-le-ford-capri-en-detail-avec-notre-video\/"},"modified":"2024-07-19T13:26:09","modified_gmt":"2024-07-19T11:26:09","slug":"decouvrez-le-ford-capri-en-detail-avec-notre-video","status":"publish","type":"post","link":"https:\/\/www.evearly.news\/fr\/decouvrez-le-ford-capri-en-detail-avec-notre-video\/","title":{"rendered":"D\u00e9couvrez le Ford Capri en d\u00e9tail avec notre vid\u00e9o"},"content":{"rendered":"<div class=\"media_block\"><img decoding=\"async\" src=\"https:\/\/www.evearly.news\/fr\/wp-content\/uploads\/sites\/6\/2024\/07\/decouvrez-le-ford-capri-en-detail-avec-notre-video.jpg\"><\/div>\n<p>On avait d\u00e9j\u00e0 pu l&rsquo;observer avec les Puma et Mustang Mach-E, Ford adore ressortir ses vieux embl\u00e8mes du placard pour les coller sur des engins qui n&rsquo;ont plus rien \u00e0 voir avec leur ascendance. C&rsquo;est maintenant le nom Capri, qui caract\u00e9risait un coup\u00e9 sportif, qui revient sur le devant de la sc\u00e8ne pour d\u00e9signer un \u00e9ni\u00e8me SUV coup\u00e9 \u00e9lectrique. Ou plut\u00f4t, une berline sur\u00e9lev\u00e9e qui brouille les pistes. D\u00e9couvrez avec nous cette Capri 2024 sous toutes ses coutures ! <a href=\"https:\/\/www.automobile-magazine.fr\/voitures-electriques\/article\/43853-decouvrez-le-ford-capri-en-detail-avec-notre-video\" target='bwindow' rel=\"noopener\">Lire la suite&#8230;<\/a><\/p>\n","protected":false},"excerpt":{"rendered":"<div class=\"media_block\"><img decoding=\"async\" src=\"https:\/\/www.evearly.news\/fr\/wp-content\/uploads\/sites\/6\/2024\/07\/decouvrez-le-ford-capri-en-detail-avec-notre-video.jpg\"><\/div>\n<p> <a class=\"continue-reading-link\" href=\"https:\/\/www.evearly.news\/fr\/decouvrez-le-ford-capri-en-detail-avec-notre-video\/\"><\/a><\/p>\n","protected":false},"author":7,"featured_media":284515,"comment_status":"closed","ping_status":"open","sticky":false,"template":"Default","format":"standard","meta":{"footnotes":""},"categories":[7],"tags":[],"class_list":["post-284514","post","type-post","status-publish","format-standard","has-post-thumbnail","hentry","category-automobile-magazine"],"_links":{"self":[{"href":"https:\/\/www.evearly.news\/fr\/wp-json\/wp\/v2\/posts\/284514","targetHints":{"allow":["GET"]}}],"collection":[{"href":"https:\/\/www.evearly.news\/fr\/wp-json\/wp\/v2\/posts"}],"about":[{"href":"https:\/\/www.evearly.news\/fr\/wp-json\/wp\/v2\/types\/post"}],"author":[{"embeddable":true,"href":"https:\/\/www.evearly.news\/fr\/wp-json\/wp\/v2\/users\/7"}],"replies":[{"embeddable":true,"href":"https:\/\/www.evearly.news\/fr\/wp-json\/wp\/v2\/comments?post=284514"}],"version-history":[{"count":0,"href":"https:\/\/www.evearly.news\/fr\/wp-json\/wp\/v2\/posts\/284514\/revisions"}],"wp:featuredmedia":[{"embeddable":true,"href":"https:\/\/www.evearly.news\/fr\/wp-json\/wp\/v2\/media\/284515"}],"wp:attachment":[{"href":"https:\/\/www.evearly.news\/fr\/wp-json\/wp\/v2\/media?parent=284514"}],"wp:term":[{"taxonomy":"category","embeddable":true,"href":"https:\/\/www.evearly.news\/fr\/wp-json\/wp\/v2\/categories?post=284514"},{"taxonomy":"post_tag","embeddable":true,"href":"https:\/\/www.evearly.news\/fr\/wp-json\/wp\/v2\/tags?post=284514"}],"curies":[{"name":"wp","href":"https:\/\/api.w.org\/{rel}","templated":true}]}}