{"id":284530,"date":"2024-07-19T16:52:13","date_gmt":"2024-07-19T14:52:13","guid":{"rendered":"https:\/\/www.evearly.news\/fr\/utilitaires-electriques-le-renault-master-iii-est-desormais-disponible-en-version-retrofitee\/"},"modified":"2024-07-19T16:52:13","modified_gmt":"2024-07-19T14:52:13","slug":"utilitaires-electriques-le-renault-master-iii-est-desormais-disponible-en-version-retrofitee","status":"publish","type":"post","link":"https:\/\/www.evearly.news\/fr\/utilitaires-electriques-le-renault-master-iii-est-desormais-disponible-en-version-retrofitee\/","title":{"rendered":"Utilitaires \u00e9lectriques \u2013 Le Renault Master III est d\u00e9sormais disponible en version r\u00e9trofit\u00e9e"},"content":{"rendered":"<p><img decoding=\"async\" width=\"500\" height=\"333\" src=\"https:\/\/www.evearly.news\/fr\/wp-content\/uploads\/sites\/6\/2024\/07\/utilitaires-electriques-le-renault-master-iii-est-desormais-disponible-en-version-retrofitee.png\" class=\"attachment-1200x800 size-1200x800 wp-post-image\" alt=\"\" loading=\"lazy\" srcset=\"https:\/\/www.evearly.news\/fr\/wp-content\/uploads\/sites\/6\/2024\/07\/utilitaires-electriques-le-renault-master-iii-est-desormais-disponible-en-version-retrofitee.png 1680w, https:\/\/www.evearly.news\/fr\/wp-content\/uploads\/sites\/6\/2024\/07\/utilitaires-electriques-le-renault-master-iii-est-desormais-disponible-en-version-retrofitee-1.png 1640w, https:\/\/www.evearly.news\/fr\/wp-content\/uploads\/sites\/6\/2024\/07\/utilitaires-electriques-le-renault-master-iii-est-desormais-disponible-en-version-retrofitee-2.png 1024w, https:\/\/www.evearly.news\/fr\/wp-content\/uploads\/sites\/6\/2024\/07\/utilitaires-electriques-le-renault-master-iii-est-desormais-disponible-en-version-retrofitee-3.png 768w, https:\/\/www.evearly.news\/fr\/wp-content\/uploads\/sites\/6\/2024\/07\/utilitaires-electriques-le-renault-master-iii-est-desormais-disponible-en-version-retrofitee-4.png 1536w, https:\/\/cdn.automobile-propre.com\/uploads\/2024\/07\/Retrofit-Renault-Master-TOLV-3-4-551x413.png 551w\" sizes=\"auto, (max-width: 1067px) 100vw, 1067px\" \/><br \/>\nRenault s\u2019est associ\u00e9 avec le r\u00e9trofiteur Tolv afin d\u2019assembler un kit de r\u00e9trofit 100 % \u00e9lectrique, pour le Master III,\u2026\u00a0<a href=\"https:\/\/www.automobile-propre.com\/utilitaires-electriques-le-renault-master-iii-est-desormais-disponible-en-version-retrofitee\/\" target='bwindow' rel=\"noopener\">Lire la suite&#8230;<\/a><\/p>\n","protected":false},"excerpt":{"rendered":"<p>&#8230; <a class=\"continue-reading-link\" href=\"https:\/\/www.evearly.news\/fr\/utilitaires-electriques-le-renault-master-iii-est-desormais-disponible-en-version-retrofitee\/\"><\/a><\/p>\n","protected":false},"author":8,"featured_media":284531,"comment_status":"closed","ping_status":"open","sticky":false,"template":"Default","format":"standard","meta":{"footnotes":""},"categories":[8],"tags":[],"class_list":["post-284530","post","type-post","status-publish","format-standard","has-post-thumbnail","hentry","category-automobile-propre"],"_links":{"self":[{"href":"https:\/\/www.evearly.news\/fr\/wp-json\/wp\/v2\/posts\/284530","targetHints":{"allow":["GET"]}}],"collection":[{"href":"https:\/\/www.evearly.news\/fr\/wp-json\/wp\/v2\/posts"}],"about":[{"href":"https:\/\/www.evearly.news\/fr\/wp-json\/wp\/v2\/types\/post"}],"author":[{"embeddable":true,"href":"https:\/\/www.evearly.news\/fr\/wp-json\/wp\/v2\/users\/8"}],"replies":[{"embeddable":true,"href":"https:\/\/www.evearly.news\/fr\/wp-json\/wp\/v2\/comments?post=284530"}],"version-history":[{"count":0,"href":"https:\/\/www.evearly.news\/fr\/wp-json\/wp\/v2\/posts\/284530\/revisions"}],"wp:featuredmedia":[{"embeddable":true,"href":"https:\/\/www.evearly.news\/fr\/wp-json\/wp\/v2\/media\/284531"}],"wp:attachment":[{"href":"https:\/\/www.evearly.news\/fr\/wp-json\/wp\/v2\/media?parent=284530"}],"wp:term":[{"taxonomy":"category","embeddable":true,"href":"https:\/\/www.evearly.news\/fr\/wp-json\/wp\/v2\/categories?post=284530"},{"taxonomy":"post_tag","embeddable":true,"href":"https:\/\/www.evearly.news\/fr\/wp-json\/wp\/v2\/tags?post=284530"}],"curies":[{"name":"wp","href":"https:\/\/api.w.org\/{rel}","templated":true}]}}