{"id":284532,"date":"2024-07-19T16:59:25","date_gmt":"2024-07-19T14:59:25","guid":{"rendered":"https:\/\/www.evearly.news\/fr\/pourquoi-ferrari-devrait-faire-limpasse-sur-cette-technologie-de-batterie-tres-repandue-pour-sa-voiture-electrique\/"},"modified":"2024-07-19T16:59:25","modified_gmt":"2024-07-19T14:59:25","slug":"pourquoi-ferrari-devrait-faire-limpasse-sur-cette-technologie-de-batterie-tres-repandue-pour-sa-voiture-electrique","status":"publish","type":"post","link":"https:\/\/www.evearly.news\/fr\/pourquoi-ferrari-devrait-faire-limpasse-sur-cette-technologie-de-batterie-tres-repandue-pour-sa-voiture-electrique\/","title":{"rendered":"Pourquoi Ferrari devrait faire l\u2019impasse sur cette technologie de batterie tr\u00e8s r\u00e9pandue pour sa voiture \u00e9lectrique"},"content":{"rendered":"<p><img loading=\"lazy\" width=\"1200\" height=\"675\" src=\"https:\/\/www.evearly.news\/fr\/wp-content\/uploads\/sites\/6\/2024\/07\/pourquoi-ferrari-devrait-faire-limpasse-sur-cette-technologie-de-batterie-tres-repandue-pour-sa-voiture-electrique.jpg\" class=\"attachment-large size-large wp-post-image\" alt=\"\" decoding=\"async\" \/<br \/>D&rsquo;ici quelques mois, Ferrari pr\u00e9sentera sa premi\u00e8re voiture 100 % \u00e9lectrique. Les informations sont encore assez rares \u00e0 son sujet, mais aujourd&rsquo;hui nous en savons un peu plus sur sa technologie de batterie employ\u00e9e. <a href=\"https:\/\/www.frandroid.com\/survoltes\/voitures-electriques\/2086144_pourquoi-ferrari-devrait-faire-limpasse-sur-cette-technologie-de-batterie-tres-repandue-pour-sa-voiture-electrique\" target='bwindow' rel=\"noopener\">Lire la suite&#8230;<\/a><\/p>\n","protected":false},"excerpt":{"rendered":"<p>&lt;img width=&quot;1200&quot; height=&quot;675&quot; src=&quot;https:\/\/www.evearly.news\/fr\/wp-content\/uploads\/sites\/6\/2024\/07\/pourquoi-ferrari-devrait-faire-limpasse-sur-cette-technologie-de-batterie-tres-repandue-pour-sa-voiture-electrique.jpg&quot; class=&quot;attachment-large size-large wp-post-image&quot; alt=&quot;&quot; decoding=&quot;async&quot; \/<br \/>D&rsquo;ici quelques mois, Ferrari pr\u00e9sentera sa premi\u00e8re voiture 100 % \u00e9lectrique. Les informations sont encore assez rares \u00e0 son sujet, mais aujourd&rsquo;hui nous en savons un peu plus sur sa technologie de batterie employ\u00e9e.<\/p>\n<p> <a class=\"continue-reading-link\" href=\"https:\/\/www.evearly.news\/fr\/pourquoi-ferrari-devrait-faire-limpasse-sur-cette-technologie-de-batterie-tres-repandue-pour-sa-voiture-electrique\/\"><\/a><\/p>\n","protected":false},"author":6,"featured_media":284533,"comment_status":"closed","ping_status":"open","sticky":false,"template":"Default","format":"standard","meta":{"footnotes":""},"categories":[14],"tags":[],"class_list":["post-284532","post","type-post","status-publish","format-standard","has-post-thumbnail","hentry","category-frandroid"],"_links":{"self":[{"href":"https:\/\/www.evearly.news\/fr\/wp-json\/wp\/v2\/posts\/284532","targetHints":{"allow":["GET"]}}],"collection":[{"href":"https:\/\/www.evearly.news\/fr\/wp-json\/wp\/v2\/posts"}],"about":[{"href":"https:\/\/www.evearly.news\/fr\/wp-json\/wp\/v2\/types\/post"}],"author":[{"embeddable":true,"href":"https:\/\/www.evearly.news\/fr\/wp-json\/wp\/v2\/users\/6"}],"replies":[{"embeddable":true,"href":"https:\/\/www.evearly.news\/fr\/wp-json\/wp\/v2\/comments?post=284532"}],"version-history":[{"count":0,"href":"https:\/\/www.evearly.news\/fr\/wp-json\/wp\/v2\/posts\/284532\/revisions"}],"wp:featuredmedia":[{"embeddable":true,"href":"https:\/\/www.evearly.news\/fr\/wp-json\/wp\/v2\/media\/284533"}],"wp:attachment":[{"href":"https:\/\/www.evearly.news\/fr\/wp-json\/wp\/v2\/media?parent=284532"}],"wp:term":[{"taxonomy":"category","embeddable":true,"href":"https:\/\/www.evearly.news\/fr\/wp-json\/wp\/v2\/categories?post=284532"},{"taxonomy":"post_tag","embeddable":true,"href":"https:\/\/www.evearly.news\/fr\/wp-json\/wp\/v2\/tags?post=284532"}],"curies":[{"name":"wp","href":"https:\/\/api.w.org\/{rel}","templated":true}]}}