{"id":284534,"date":"2024-07-19T17:51:16","date_gmt":"2024-07-19T15:51:16","guid":{"rendered":"https:\/\/www.evearly.news\/fr\/essai-volkswagen-id-buzz-version-longue-le-monsieur-plus-des-vans-electriques\/"},"modified":"2024-07-19T17:51:16","modified_gmt":"2024-07-19T15:51:16","slug":"essai-volkswagen-id-buzz-version-longue-le-monsieur-plus-des-vans-electriques","status":"publish","type":"post","link":"https:\/\/www.evearly.news\/fr\/essai-volkswagen-id-buzz-version-longue-le-monsieur-plus-des-vans-electriques\/","title":{"rendered":"Essai \u2013 Volkswagen ID.Buzz version longue\u00a0: le \u00ab\u00a0Monsieur Plus\u00a0\u00bb\u00a0des vans \u00e9lectriques !"},"content":{"rendered":"<p><img decoding=\"async\" width=\"500\" height=\"333\" src=\"https:\/\/www.evearly.news\/fr\/wp-content\/uploads\/sites\/6\/2024\/07\/essai-volkswagen-id-buzz-version-longue-le-monsieur-plus-des-vans-electriques.png\" class=\"attachment-1200x800 size-1200x800 wp-post-image\" alt=\"\" loading=\"lazy\" srcset=\"https:\/\/www.evearly.news\/fr\/wp-content\/uploads\/sites\/6\/2024\/07\/essai-volkswagen-id-buzz-version-longue-le-monsieur-plus-des-vans-electriques.png 1680w, https:\/\/www.evearly.news\/fr\/wp-content\/uploads\/sites\/6\/2024\/07\/essai-volkswagen-id-buzz-version-longue-le-monsieur-plus-des-vans-electriques-1.png 1640w, https:\/\/www.evearly.news\/fr\/wp-content\/uploads\/sites\/6\/2024\/07\/essai-volkswagen-id-buzz-version-longue-le-monsieur-plus-des-vans-electriques-2.png 1024w, https:\/\/www.evearly.news\/fr\/wp-content\/uploads\/sites\/6\/2024\/07\/essai-volkswagen-id-buzz-version-longue-le-monsieur-plus-des-vans-electriques-3.png 768w, https:\/\/www.evearly.news\/fr\/wp-content\/uploads\/sites\/6\/2024\/07\/essai-volkswagen-id-buzz-version-longue-le-monsieur-plus-des-vans-electriques-4.png 1536w, https:\/\/cdn.automobile-propre.com\/uploads\/2024\/07\/Essai-Volkswagen-ID-Buzz-version-longue-551x413.png 551w\" sizes=\"auto, (max-width: 1067px) 100vw, 1067px\" \/><br \/>\nEn se voyant offrir 6 ou 7 places en \u00e9tant rallong\u00e9 de 25 cm, le Volkswagen ID.Buzz devient d\u00e9sormais aussi\u2026\u00a0<a href=\"https:\/\/www.automobile-propre.com\/essai-volkswagen-id-buzz-version-longue-le-monsieur-plus-des-vans-electriques\/\" target='bwindow' rel=\"noopener\">Lire la suite&#8230;<\/a><\/p>\n","protected":false},"excerpt":{"rendered":"<p>&#8230; <a class=\"continue-reading-link\" href=\"https:\/\/www.evearly.news\/fr\/essai-volkswagen-id-buzz-version-longue-le-monsieur-plus-des-vans-electriques\/\"><\/a><\/p>\n","protected":false},"author":8,"featured_media":284535,"comment_status":"closed","ping_status":"open","sticky":false,"template":"Default","format":"standard","meta":{"footnotes":""},"categories":[8],"tags":[],"class_list":["post-284534","post","type-post","status-publish","format-standard","has-post-thumbnail","hentry","category-automobile-propre"],"_links":{"self":[{"href":"https:\/\/www.evearly.news\/fr\/wp-json\/wp\/v2\/posts\/284534","targetHints":{"allow":["GET"]}}],"collection":[{"href":"https:\/\/www.evearly.news\/fr\/wp-json\/wp\/v2\/posts"}],"about":[{"href":"https:\/\/www.evearly.news\/fr\/wp-json\/wp\/v2\/types\/post"}],"author":[{"embeddable":true,"href":"https:\/\/www.evearly.news\/fr\/wp-json\/wp\/v2\/users\/8"}],"replies":[{"embeddable":true,"href":"https:\/\/www.evearly.news\/fr\/wp-json\/wp\/v2\/comments?post=284534"}],"version-history":[{"count":0,"href":"https:\/\/www.evearly.news\/fr\/wp-json\/wp\/v2\/posts\/284534\/revisions"}],"wp:featuredmedia":[{"embeddable":true,"href":"https:\/\/www.evearly.news\/fr\/wp-json\/wp\/v2\/media\/284535"}],"wp:attachment":[{"href":"https:\/\/www.evearly.news\/fr\/wp-json\/wp\/v2\/media?parent=284534"}],"wp:term":[{"taxonomy":"category","embeddable":true,"href":"https:\/\/www.evearly.news\/fr\/wp-json\/wp\/v2\/categories?post=284534"},{"taxonomy":"post_tag","embeddable":true,"href":"https:\/\/www.evearly.news\/fr\/wp-json\/wp\/v2\/tags?post=284534"}],"curies":[{"name":"wp","href":"https:\/\/api.w.org\/{rel}","templated":true}]}}