{"id":284626,"date":"2024-07-22T08:21:31","date_gmt":"2024-07-22T06:21:31","guid":{"rendered":"https:\/\/www.evearly.news\/fr\/future-hyundai-ioniq-6-2025-un-look-encore-plus-radical-a-loccasion-du-restylage\/"},"modified":"2024-07-22T08:21:31","modified_gmt":"2024-07-22T06:21:31","slug":"future-hyundai-ioniq-6-2025-un-look-encore-plus-radical-a-loccasion-du-restylage","status":"publish","type":"post","link":"https:\/\/www.evearly.news\/fr\/future-hyundai-ioniq-6-2025-un-look-encore-plus-radical-a-loccasion-du-restylage\/","title":{"rendered":"Future Hyundai Ioniq 6 (2025) : un look encore plus radical \u00e0 l&rsquo;occasion du restylage"},"content":{"rendered":"<p><img decoding=\"async\" src=\"https:\/\/www.evearly.news\/fr\/wp-content\/uploads\/sites\/6\/2024\/07\/future-hyundai-ioniq-6-2025-un-look-encore-plus-radical-a-loccasion-du-restylage.webp\" alt=\"auto-moto\"><br \/>L\u2019une des voitures \u00e9lectriques les plus prim\u00e9es ces derni\u00e8res ann\u00e9es va prochainement revoir son look pour mieux se fondre dans la gamme. <a href=\"https:\/\/www.auto-moto.com\/berline-familiale\/future-hyundai-ioniq-6-2025--un-look-encore-plus-radical-a-l-occasion-du-restylage-41778\" target=\"blank\" rel=\"noopener\">Lire la suite&#8230;<\/a><\/p>\n","protected":false},"excerpt":{"rendered":"<p>L\u2019une des voitures \u00e9lectriques les plus prim\u00e9es ces derni\u00e8res ann\u00e9es va prochainement revoir son look pour mieux se fondre dans la gamme&#8230;. <a class=\"continue-reading-link\" href=\"https:\/\/www.evearly.news\/fr\/future-hyundai-ioniq-6-2025-un-look-encore-plus-radical-a-loccasion-du-restylage\/\"><\/a><\/p>\n","protected":false},"author":9,"featured_media":284627,"comment_status":"closed","ping_status":"open","sticky":false,"template":"Default","format":"standard","meta":{"footnotes":""},"categories":[10],"tags":[],"class_list":["post-284626","post","type-post","status-publish","format-standard","has-post-thumbnail","hentry","category-auto-moto-com"],"_links":{"self":[{"href":"https:\/\/www.evearly.news\/fr\/wp-json\/wp\/v2\/posts\/284626","targetHints":{"allow":["GET"]}}],"collection":[{"href":"https:\/\/www.evearly.news\/fr\/wp-json\/wp\/v2\/posts"}],"about":[{"href":"https:\/\/www.evearly.news\/fr\/wp-json\/wp\/v2\/types\/post"}],"author":[{"embeddable":true,"href":"https:\/\/www.evearly.news\/fr\/wp-json\/wp\/v2\/users\/9"}],"replies":[{"embeddable":true,"href":"https:\/\/www.evearly.news\/fr\/wp-json\/wp\/v2\/comments?post=284626"}],"version-history":[{"count":0,"href":"https:\/\/www.evearly.news\/fr\/wp-json\/wp\/v2\/posts\/284626\/revisions"}],"wp:featuredmedia":[{"embeddable":true,"href":"https:\/\/www.evearly.news\/fr\/wp-json\/wp\/v2\/media\/284627"}],"wp:attachment":[{"href":"https:\/\/www.evearly.news\/fr\/wp-json\/wp\/v2\/media?parent=284626"}],"wp:term":[{"taxonomy":"category","embeddable":true,"href":"https:\/\/www.evearly.news\/fr\/wp-json\/wp\/v2\/categories?post=284626"},{"taxonomy":"post_tag","embeddable":true,"href":"https:\/\/www.evearly.news\/fr\/wp-json\/wp\/v2\/tags?post=284626"}],"curies":[{"name":"wp","href":"https:\/\/api.w.org\/{rel}","templated":true}]}}