{"id":284978,"date":"2024-07-26T17:51:14","date_gmt":"2024-07-26T15:51:14","guid":{"rendered":"https:\/\/www.evearly.news\/fr\/le-porsche-cayenne-thermique-prolonge-jusqua-2030-aux-cotes-de-lelectrique\/"},"modified":"2024-07-26T17:51:14","modified_gmt":"2024-07-26T15:51:14","slug":"le-porsche-cayenne-thermique-prolonge-jusqua-2030-aux-cotes-de-lelectrique","status":"publish","type":"post","link":"https:\/\/www.evearly.news\/fr\/le-porsche-cayenne-thermique-prolonge-jusqua-2030-aux-cotes-de-lelectrique\/","title":{"rendered":"Le Porsche Cayenne thermique prolong\u00e9 jusqu\u2019\u00e0 2030 aux c\u00f4t\u00e9s de l\u2019\u00e9lectrique"},"content":{"rendered":"<p><img decoding=\"async\" src=\"https:\/\/www.evearly.news\/fr\/wp-content\/uploads\/sites\/6\/2024\/07\/le-porsche-cayenne-thermique-prolonge-jusqua-2030-aux-cotes-de-lelectrique.webp\" alt=\"auto-moto\"><br \/>En proie \u00e0 la baisse g\u00e9n\u00e9ralis\u00e9e de la demande pour les v\u00e9hicules \u00e9lectriques, Porsche vient d\u2019annoncer qu\u2019il maintiendra son Cayenne actuel avec des motorisations thermiques en parall\u00e8le du futur mod\u00e8le 100% \u00e9lectrique. Pour cela, le V8 devrait continuer \u00e0 \u00eatre mis \u00e0 jour. <a href=\"https:\/\/www.auto-moto.com\/suv\/le-porsche-cayenne-thermique-prolonge-jusqu-a-2030-aux-cotes-de-l-electrique-42359\" target=\"blank\" rel=\"noopener\">Lire la suite&#8230;<\/a><\/p>\n","protected":false},"excerpt":{"rendered":"<p>En proie \u00e0 la baisse g\u00e9n\u00e9ralis\u00e9e de la demande pour les v\u00e9hicules \u00e9lectriques, Porsche vient d\u2019annoncer qu\u2019il maintiendra son Cayenne actuel avec des motorisations thermiques en parall\u00e8le du futur mod\u00e8le 100% \u00e9lectrique. Pour cela, le V8 devrait continuer \u00e0 \u00eatre mis \u00e0 jour&#8230;. <a class=\"continue-reading-link\" href=\"https:\/\/www.evearly.news\/fr\/le-porsche-cayenne-thermique-prolonge-jusqua-2030-aux-cotes-de-lelectrique\/\"><\/a><\/p>\n","protected":false},"author":9,"featured_media":284979,"comment_status":"closed","ping_status":"open","sticky":false,"template":"Default","format":"standard","meta":{"footnotes":""},"categories":[10],"tags":[],"class_list":["post-284978","post","type-post","status-publish","format-standard","has-post-thumbnail","hentry","category-auto-moto-com"],"_links":{"self":[{"href":"https:\/\/www.evearly.news\/fr\/wp-json\/wp\/v2\/posts\/284978","targetHints":{"allow":["GET"]}}],"collection":[{"href":"https:\/\/www.evearly.news\/fr\/wp-json\/wp\/v2\/posts"}],"about":[{"href":"https:\/\/www.evearly.news\/fr\/wp-json\/wp\/v2\/types\/post"}],"author":[{"embeddable":true,"href":"https:\/\/www.evearly.news\/fr\/wp-json\/wp\/v2\/users\/9"}],"replies":[{"embeddable":true,"href":"https:\/\/www.evearly.news\/fr\/wp-json\/wp\/v2\/comments?post=284978"}],"version-history":[{"count":0,"href":"https:\/\/www.evearly.news\/fr\/wp-json\/wp\/v2\/posts\/284978\/revisions"}],"wp:featuredmedia":[{"embeddable":true,"href":"https:\/\/www.evearly.news\/fr\/wp-json\/wp\/v2\/media\/284979"}],"wp:attachment":[{"href":"https:\/\/www.evearly.news\/fr\/wp-json\/wp\/v2\/media?parent=284978"}],"wp:term":[{"taxonomy":"category","embeddable":true,"href":"https:\/\/www.evearly.news\/fr\/wp-json\/wp\/v2\/categories?post=284978"},{"taxonomy":"post_tag","embeddable":true,"href":"https:\/\/www.evearly.news\/fr\/wp-json\/wp\/v2\/tags?post=284978"}],"curies":[{"name":"wp","href":"https:\/\/api.w.org\/{rel}","templated":true}]}}