{"id":284980,"date":"2024-07-26T17:52:59","date_gmt":"2024-07-26T15:52:59","guid":{"rendered":"https:\/\/www.evearly.news\/fr\/essai-audi-q6-e-tron-le-cousin-du-porsche-macan-est-il-une-reussite\/"},"modified":"2024-07-26T17:52:59","modified_gmt":"2024-07-26T15:52:59","slug":"essai-audi-q6-e-tron-le-cousin-du-porsche-macan-est-il-une-reussite","status":"publish","type":"post","link":"https:\/\/www.evearly.news\/fr\/essai-audi-q6-e-tron-le-cousin-du-porsche-macan-est-il-une-reussite\/","title":{"rendered":"Essai \u2013 Audi Q6 e-Tron : le cousin du Porsche Macan est-il une r\u00e9ussite ?"},"content":{"rendered":"<p><img decoding=\"async\" width=\"500\" height=\"333\" src=\"https:\/\/www.evearly.news\/fr\/wp-content\/uploads\/sites\/6\/2024\/07\/essai-audi-q6-e-tron-le-cousin-du-porsche-macan-est-il-une-reussite.jpg\" class=\"attachment-1200x800 size-1200x800 wp-post-image\" alt=\"\" loading=\"lazy\" srcset=\"https:\/\/www.evearly.news\/fr\/wp-content\/uploads\/sites\/6\/2024\/07\/essai-audi-q6-e-tron-le-cousin-du-porsche-macan-est-il-une-reussite.jpg 1280w, https:\/\/www.evearly.news\/fr\/wp-content\/uploads\/sites\/6\/2024\/07\/essai-audi-q6-e-tron-le-cousin-du-porsche-macan-est-il-une-reussite-1.jpg 1024w, https:\/\/www.evearly.news\/fr\/wp-content\/uploads\/sites\/6\/2024\/07\/essai-audi-q6-e-tron-le-cousin-du-porsche-macan-est-il-une-reussite-2.jpg 768w, https:\/\/cdn.automobile-propre.com\/uploads\/2024\/07\/Miniature-audi-Q6-4_3-551x413.jpg 551w\" sizes=\"auto, (max-width: 1067px) 100vw, 1067px\" \/><br \/>\n\ufeff L\u2019Audi Q6 e-Tron est l\u2019une des nouveaut\u00e9s majeures pour cette ann\u00e9e chez le constructeur allemand. Initialement pr\u00e9sent\u00e9 au mois\u2026\u00a0<a href=\"https:\/\/www.automobile-propre.com\/essai-audi-q6-e-tron-le-cousin-du-porsche-macan-est-il-une-reussite\/\" target='bwindow' rel=\"noopener\">Lire la suite&#8230;<\/a><\/p>\n","protected":false},"excerpt":{"rendered":"<p>&#8230; <a class=\"continue-reading-link\" href=\"https:\/\/www.evearly.news\/fr\/essai-audi-q6-e-tron-le-cousin-du-porsche-macan-est-il-une-reussite\/\"><\/a><\/p>\n","protected":false},"author":8,"featured_media":284981,"comment_status":"closed","ping_status":"open","sticky":false,"template":"Default","format":"standard","meta":{"footnotes":""},"categories":[8],"tags":[],"class_list":["post-284980","post","type-post","status-publish","format-standard","has-post-thumbnail","hentry","category-automobile-propre"],"_links":{"self":[{"href":"https:\/\/www.evearly.news\/fr\/wp-json\/wp\/v2\/posts\/284980","targetHints":{"allow":["GET"]}}],"collection":[{"href":"https:\/\/www.evearly.news\/fr\/wp-json\/wp\/v2\/posts"}],"about":[{"href":"https:\/\/www.evearly.news\/fr\/wp-json\/wp\/v2\/types\/post"}],"author":[{"embeddable":true,"href":"https:\/\/www.evearly.news\/fr\/wp-json\/wp\/v2\/users\/8"}],"replies":[{"embeddable":true,"href":"https:\/\/www.evearly.news\/fr\/wp-json\/wp\/v2\/comments?post=284980"}],"version-history":[{"count":0,"href":"https:\/\/www.evearly.news\/fr\/wp-json\/wp\/v2\/posts\/284980\/revisions"}],"wp:featuredmedia":[{"embeddable":true,"href":"https:\/\/www.evearly.news\/fr\/wp-json\/wp\/v2\/media\/284981"}],"wp:attachment":[{"href":"https:\/\/www.evearly.news\/fr\/wp-json\/wp\/v2\/media?parent=284980"}],"wp:term":[{"taxonomy":"category","embeddable":true,"href":"https:\/\/www.evearly.news\/fr\/wp-json\/wp\/v2\/categories?post=284980"},{"taxonomy":"post_tag","embeddable":true,"href":"https:\/\/www.evearly.news\/fr\/wp-json\/wp\/v2\/tags?post=284980"}],"curies":[{"name":"wp","href":"https:\/\/api.w.org\/{rel}","templated":true}]}}