{"id":284988,"date":"2024-07-27T08:50:03","date_gmt":"2024-07-27T06:50:03","guid":{"rendered":"https:\/\/www.evearly.news\/fr\/audi-elargit-la-gamme-de-laudi-q4-e-tron\/"},"modified":"2024-07-27T08:50:03","modified_gmt":"2024-07-27T06:50:03","slug":"audi-elargit-la-gamme-de-laudi-q4-e-tron","status":"publish","type":"post","link":"https:\/\/www.evearly.news\/fr\/audi-elargit-la-gamme-de-laudi-q4-e-tron\/","title":{"rendered":"Audi \u00e9largit la gamme de l\u2019Audi Q4 e-tron"},"content":{"rendered":"<p><img width=\"1000\" height=\"563\" src=\"https:\/\/www.evearly.news\/fr\/wp-content\/uploads\/sites\/6\/2024\/07\/audi-elargit-la-gamme-de-laudi-q4-e-tron.jpg\" class=\"attachment-post-thumbnail size-post-thumbnail wp-post-image\" alt=\"Audi Gamme Q4 e-tron\" decoding=\"async\" fetchpriority=\"high\" srcset=\"https:\/\/www.evearly.news\/fr\/wp-content\/uploads\/sites\/6\/2024\/07\/audi-elargit-la-gamme-de-laudi-q4-e-tron.jpg 1000w, https:\/\/www.evearly.news\/fr\/wp-content\/uploads\/sites\/6\/2024\/07\/audi-elargit-la-gamme-de-laudi-q4-e-tron-1.jpg 300w, https:\/\/www.evearly.news\/fr\/wp-content\/uploads\/sites\/6\/2024\/07\/audi-elargit-la-gamme-de-laudi-q4-e-tron-2.jpg 998w, https:\/\/www.avem.fr\/wp-content\/uploads\/2024\/07\/Audi-Q4-35-e-tron-Une-768x432.jpg 768w\" sizes=\"(max-width: 1000px) 100vw, 1000px\" \/>M\u00eame s\u2019il figure en t\u00eate des ventes \u00e9lectriques d\u2019Audi, le Q4 e-tron peine encore \u00e0 s\u00e9duire un large public. Pour y rem\u00e9dier, la marque aux anneaux \u00e9largit la gamme de son SUV \u00e9lectrique avec l\u2019Audi Q435 e-tron. Un mod\u00e8le d\u2019entr\u00e9e de gamme embarquant un unique moteur de 125 kW et [\u2026] <a href=\"https:\/\/www.avem.fr\/2024\/07\/27\/audi-elargit-la-gamme-de-laudi-q4-e-tron\/\" target=\"blank\" rel=\"noopener\">Lire la suite&#8230;<\/a><\/p>\n","protected":false},"excerpt":{"rendered":"<p><img loading=\"lazy\" decoding=\"async\" width=\"1000\" height=\"563\" src=\"https:\/\/www.evearly.news\/fr\/wp-content\/uploads\/sites\/6\/2024\/07\/audi-elargit-la-gamme-de-laudi-q4-e-tron.jpg\" class=\"attachment-post-thumbnail size-post-thumbnail wp-post-image\" alt=\"Audi Gamme Q4 e-tron\" \/>M\u00eame s\u2019il figure en t\u00eate des ventes \u00e9lectriques d\u2019Audi, le Q4 e-tron peine encore \u00e0 s\u00e9duire un large public. Pour y rem\u00e9dier, la marque aux anneaux \u00e9largit la gamme de son SUV \u00e9lectrique avec l\u2019Audi Q435 e-tron. Un mod\u00e8le d\u2019entr\u00e9e de gamme embarquant un unique moteur de 125 kW et [\u2026] <a class=\"continue-reading-link\" href=\"https:\/\/www.evearly.news\/fr\/audi-elargit-la-gamme-de-laudi-q4-e-tron\/\"><\/a><\/p>\n","protected":false},"author":3,"featured_media":284989,"comment_status":"closed","ping_status":"open","sticky":false,"template":"Default","format":"standard","meta":{"footnotes":""},"categories":[3],"tags":[],"class_list":["post-284988","post","type-post","status-publish","format-standard","has-post-thumbnail","hentry","category-avem"],"_links":{"self":[{"href":"https:\/\/www.evearly.news\/fr\/wp-json\/wp\/v2\/posts\/284988","targetHints":{"allow":["GET"]}}],"collection":[{"href":"https:\/\/www.evearly.news\/fr\/wp-json\/wp\/v2\/posts"}],"about":[{"href":"https:\/\/www.evearly.news\/fr\/wp-json\/wp\/v2\/types\/post"}],"author":[{"embeddable":true,"href":"https:\/\/www.evearly.news\/fr\/wp-json\/wp\/v2\/users\/3"}],"replies":[{"embeddable":true,"href":"https:\/\/www.evearly.news\/fr\/wp-json\/wp\/v2\/comments?post=284988"}],"version-history":[{"count":0,"href":"https:\/\/www.evearly.news\/fr\/wp-json\/wp\/v2\/posts\/284988\/revisions"}],"wp:featuredmedia":[{"embeddable":true,"href":"https:\/\/www.evearly.news\/fr\/wp-json\/wp\/v2\/media\/284989"}],"wp:attachment":[{"href":"https:\/\/www.evearly.news\/fr\/wp-json\/wp\/v2\/media?parent=284988"}],"wp:term":[{"taxonomy":"category","embeddable":true,"href":"https:\/\/www.evearly.news\/fr\/wp-json\/wp\/v2\/categories?post=284988"},{"taxonomy":"post_tag","embeddable":true,"href":"https:\/\/www.evearly.news\/fr\/wp-json\/wp\/v2\/tags?post=284988"}],"curies":[{"name":"wp","href":"https:\/\/api.w.org\/{rel}","templated":true}]}}