{"id":285026,"date":"2024-07-28T08:27:19","date_gmt":"2024-07-28T06:27:19","guid":{"rendered":"https:\/\/www.evearly.news\/fr\/voiture-electrique-a-quel-point-le-cout-dune-recharge-sur-autoroute-est-il-eleve\/"},"modified":"2024-07-28T08:27:19","modified_gmt":"2024-07-28T06:27:19","slug":"voiture-electrique-a-quel-point-le-cout-dune-recharge-sur-autoroute-est-il-eleve","status":"publish","type":"post","link":"https:\/\/www.evearly.news\/fr\/voiture-electrique-a-quel-point-le-cout-dune-recharge-sur-autoroute-est-il-eleve\/","title":{"rendered":"Voiture \u00e9lectrique\u00a0: \u00e0 quel point le co\u00fbt d\u2019une recharge sur autoroute est-il \u00e9lev\u00e9\u00a0?"},"content":{"rendered":"<p><img loading=\"lazy\" width=\"1500\" height=\"1000\" src=\"https:\/\/www.evearly.news\/fr\/wp-content\/uploads\/sites\/6\/2024\/07\/voiture-electrique-a-quel-point-le-cout-dune-recharge-sur-autoroute-est-il-eleve.jpg\" class=\"attachment-full size-full wp-post-image\" alt=\"Charge Voiture Electrique\" decoding=\"async\" srcset=\"https:\/\/www.evearly.news\/fr\/wp-content\/uploads\/sites\/6\/2024\/07\/voiture-electrique-a-quel-point-le-cout-dune-recharge-sur-autoroute-est-il-eleve.jpg 1500w, https:\/\/www.evearly.news\/fr\/wp-content\/uploads\/sites\/6\/2024\/07\/voiture-electrique-a-quel-point-le-cout-dune-recharge-sur-autoroute-est-il-eleve-1.jpg 504w, https:\/\/www.evearly.news\/fr\/wp-content\/uploads\/sites\/6\/2024\/07\/voiture-electrique-a-quel-point-le-cout-dune-recharge-sur-autoroute-est-il-eleve-2.jpg 1024w, https:\/\/www.evearly.news\/fr\/wp-content\/uploads\/sites\/6\/2024\/07\/voiture-electrique-a-quel-point-le-cout-dune-recharge-sur-autoroute-est-il-eleve-3.jpg 50w, https:\/\/www.evearly.news\/fr\/wp-content\/uploads\/sites\/6\/2024\/07\/voiture-electrique-a-quel-point-le-cout-dune-recharge-sur-autoroute-est-il-eleve-4.jpg 336w, https:\/\/www.evearly.news\/fr\/wp-content\/uploads\/sites\/6\/2024\/07\/voiture-electrique-a-quel-point-le-cout-dune-recharge-sur-autoroute-est-il-eleve-5.jpg 1400w, https:\/\/www.evearly.news\/fr\/wp-content\/uploads\/sites\/6\/2024\/07\/voiture-electrique-a-quel-point-le-cout-dune-recharge-sur-autoroute-est-il-eleve-6.jpg 680w, https:\/\/www.presse-citron.net\/app\/uploads\/2024\/05\/charge-voiture-electrique-896x597.jpg 896w\" sizes=\"auto, (max-width: 1500px) 100vw, 1500px\"><\/p>\n<p>Il ne serait pas si int\u00e9ressant \u00e9conomiquement de rouler en voiture \u00e9lectrique ?<a href=\"https:\/\/www.presse-citron.net\/voiture-electrique-a-quel-point-le-cout-dune-recharge-sur-autoroute-est-il-eleve\/\" target=\"blank\" rel=\"noopener\"> Lire la suite&#8230;<\/a><\/p>\n","protected":false},"excerpt":{"rendered":"<p>Il ne serait pas si int\u00e9ressant \u00e9conomiquement de rouler en voiture \u00e9lectrique ?&#8230; <a class=\"continue-reading-link\" href=\"https:\/\/www.evearly.news\/fr\/voiture-electrique-a-quel-point-le-cout-dune-recharge-sur-autoroute-est-il-eleve\/\"><\/a><\/p>\n","protected":false},"author":18,"featured_media":285027,"comment_status":"closed","ping_status":"open","sticky":false,"template":"Default","format":"standard","meta":{"footnotes":""},"categories":[19],"tags":[],"class_list":["post-285026","post","type-post","status-publish","format-standard","has-post-thumbnail","hentry","category-presse-citron"],"_links":{"self":[{"href":"https:\/\/www.evearly.news\/fr\/wp-json\/wp\/v2\/posts\/285026","targetHints":{"allow":["GET"]}}],"collection":[{"href":"https:\/\/www.evearly.news\/fr\/wp-json\/wp\/v2\/posts"}],"about":[{"href":"https:\/\/www.evearly.news\/fr\/wp-json\/wp\/v2\/types\/post"}],"author":[{"embeddable":true,"href":"https:\/\/www.evearly.news\/fr\/wp-json\/wp\/v2\/users\/18"}],"replies":[{"embeddable":true,"href":"https:\/\/www.evearly.news\/fr\/wp-json\/wp\/v2\/comments?post=285026"}],"version-history":[{"count":0,"href":"https:\/\/www.evearly.news\/fr\/wp-json\/wp\/v2\/posts\/285026\/revisions"}],"wp:featuredmedia":[{"embeddable":true,"href":"https:\/\/www.evearly.news\/fr\/wp-json\/wp\/v2\/media\/285027"}],"wp:attachment":[{"href":"https:\/\/www.evearly.news\/fr\/wp-json\/wp\/v2\/media?parent=285026"}],"wp:term":[{"taxonomy":"category","embeddable":true,"href":"https:\/\/www.evearly.news\/fr\/wp-json\/wp\/v2\/categories?post=285026"},{"taxonomy":"post_tag","embeddable":true,"href":"https:\/\/www.evearly.news\/fr\/wp-json\/wp\/v2\/tags?post=285026"}],"curies":[{"name":"wp","href":"https:\/\/api.w.org\/{rel}","templated":true}]}}