{"id":285163,"date":"2024-07-30T14:50:04","date_gmt":"2024-07-30T12:50:04","guid":{"rendered":"https:\/\/www.evearly.news\/fr\/grand-besancon-metropole-inaugure-son-reseau-de-bornes-de-recharge-electrique-avec-easycharge\/"},"modified":"2024-07-30T14:50:04","modified_gmt":"2024-07-30T12:50:04","slug":"grand-besancon-metropole-inaugure-son-reseau-de-bornes-de-recharge-electrique-avec-easycharge","status":"publish","type":"post","link":"https:\/\/www.evearly.news\/fr\/grand-besancon-metropole-inaugure-son-reseau-de-bornes-de-recharge-electrique-avec-easycharge\/","title":{"rendered":"Grand Besan\u00e7on M\u00e9tropole inaugure son r\u00e9seau de bornes de recharge \u00e9lectrique avec EasyCharge"},"content":{"rendered":"<p><img width=\"1000\" height=\"560\" src=\"https:\/\/www.evearly.news\/fr\/wp-content\/uploads\/sites\/6\/2024\/07\/grand-besancon-metropole-inaugure-son-reseau-de-bornes-de-recharge-electrique-avec-easycharge.png\" class=\"attachment-post-thumbnail size-post-thumbnail wp-post-image\" alt=\"EasyCharge\" decoding=\"async\" fetchpriority=\"high\" srcset=\"https:\/\/www.evearly.news\/fr\/wp-content\/uploads\/sites\/6\/2024\/07\/grand-besancon-metropole-inaugure-son-reseau-de-bornes-de-recharge-electrique-avec-easycharge.png 1000w, https:\/\/www.evearly.news\/fr\/wp-content\/uploads\/sites\/6\/2024\/07\/grand-besancon-metropole-inaugure-son-reseau-de-bornes-de-recharge-electrique-avec-easycharge-1.png 300w, https:\/\/www.avem.fr\/wp-content\/uploads\/2024\/07\/photo-darticle-ok-768x430.png 768w\" sizes=\"(max-width: 1000px) 100vw, 1000px\" \/>Grand Besan\u00e7on M\u00e9tropole marque une avanc\u00e9e significative dans le domaine de l\u2019\u00e9lectro-mobilit\u00e9 sur son territoire avec l\u2019inauguration de son nouveau r\u00e9seau de bornes de recharge \u00e9lectrique. Cette initiative vise \u00e0 soutenir les utilisateurs de v\u00e9hicules \u00e9lectriques, \u00e0 r\u00e9duire les \u00e9missions de polluants atmosph\u00e9riques et \u00e0 diminuer la d\u00e9pendance aux \u00e9nergies [\u2026] <a href=\"https:\/\/www.avem.fr\/2024\/07\/30\/grand-besancon-metropole-inaugure-son-reseau-de-bornes-de-recharge-electrique-avec-easycharge\/\" target=\"blank\" rel=\"noopener\">Lire la suite&#8230;<\/a><\/p>\n","protected":false},"excerpt":{"rendered":"<p><img loading=\"lazy\" decoding=\"async\" width=\"1000\" height=\"560\" src=\"https:\/\/www.evearly.news\/fr\/wp-content\/uploads\/sites\/6\/2024\/07\/grand-besancon-metropole-inaugure-son-reseau-de-bornes-de-recharge-electrique-avec-easycharge.png\" class=\"attachment-post-thumbnail size-post-thumbnail wp-post-image\" alt=\"EasyCharge\" \/>Grand Besan\u00e7on M\u00e9tropole marque une avanc\u00e9e significative dans le domaine de l\u2019\u00e9lectro-mobilit\u00e9 sur son territoire avec l\u2019inauguration de son nouveau r\u00e9seau de bornes de recharge \u00e9lectrique. Cette initiative vise \u00e0 soutenir les utilisateurs de v\u00e9hicules \u00e9lectriques, \u00e0 r\u00e9duire les \u00e9missions de polluants atmosph\u00e9riques et \u00e0 diminuer la d\u00e9pendance aux \u00e9nergies [\u2026] <a class=\"continue-reading-link\" href=\"https:\/\/www.evearly.news\/fr\/grand-besancon-metropole-inaugure-son-reseau-de-bornes-de-recharge-electrique-avec-easycharge\/\"><\/a><\/p>\n","protected":false},"author":3,"featured_media":285164,"comment_status":"closed","ping_status":"open","sticky":false,"template":"Default","format":"standard","meta":{"footnotes":""},"categories":[3],"tags":[],"class_list":["post-285163","post","type-post","status-publish","format-standard","has-post-thumbnail","hentry","category-avem"],"_links":{"self":[{"href":"https:\/\/www.evearly.news\/fr\/wp-json\/wp\/v2\/posts\/285163","targetHints":{"allow":["GET"]}}],"collection":[{"href":"https:\/\/www.evearly.news\/fr\/wp-json\/wp\/v2\/posts"}],"about":[{"href":"https:\/\/www.evearly.news\/fr\/wp-json\/wp\/v2\/types\/post"}],"author":[{"embeddable":true,"href":"https:\/\/www.evearly.news\/fr\/wp-json\/wp\/v2\/users\/3"}],"replies":[{"embeddable":true,"href":"https:\/\/www.evearly.news\/fr\/wp-json\/wp\/v2\/comments?post=285163"}],"version-history":[{"count":0,"href":"https:\/\/www.evearly.news\/fr\/wp-json\/wp\/v2\/posts\/285163\/revisions"}],"wp:featuredmedia":[{"embeddable":true,"href":"https:\/\/www.evearly.news\/fr\/wp-json\/wp\/v2\/media\/285164"}],"wp:attachment":[{"href":"https:\/\/www.evearly.news\/fr\/wp-json\/wp\/v2\/media?parent=285163"}],"wp:term":[{"taxonomy":"category","embeddable":true,"href":"https:\/\/www.evearly.news\/fr\/wp-json\/wp\/v2\/categories?post=285163"},{"taxonomy":"post_tag","embeddable":true,"href":"https:\/\/www.evearly.news\/fr\/wp-json\/wp\/v2\/tags?post=285163"}],"curies":[{"name":"wp","href":"https:\/\/api.w.org\/{rel}","templated":true}]}}