{"id":285169,"date":"2024-07-30T15:02:47","date_gmt":"2024-07-30T13:02:47","guid":{"rendered":"https:\/\/www.evearly.news\/fr\/voici-tous-les-prix-de-la-r5-electrique-en-version-hautes-performances-une-bonne-surprise-pour-lalpine-a290\/"},"modified":"2024-07-30T15:02:47","modified_gmt":"2024-07-30T13:02:47","slug":"voici-tous-les-prix-de-la-r5-electrique-en-version-hautes-performances-une-bonne-surprise-pour-lalpine-a290","status":"publish","type":"post","link":"https:\/\/www.evearly.news\/fr\/voici-tous-les-prix-de-la-r5-electrique-en-version-hautes-performances-une-bonne-surprise-pour-lalpine-a290\/","title":{"rendered":"Voici tous les prix de la R5 \u00e9lectrique en version hautes performances : une bonne surprise pour l\u2019Alpine A290"},"content":{"rendered":"<p><img width=\"1200\" height=\"675\" src=\"https:\/\/www.evearly.news\/fr\/wp-content\/uploads\/sites\/6\/2024\/07\/voici-tous-les-prix-de-la-r5-electrique-en-version-hautes-performances-une-bonne-surprise-pour-lalpine-a290.jpg\" class=\"attachment-large size-large wp-post-image\" alt=\"\" decoding=\"async\" loading=\"lazy\" \/<br \/>\nQuelques semaines apr\u00e8s sa pr\u00e9sentation, l&rsquo;Alpine A290 d\u00e9voile ses tarifs fran\u00e7ais. La version performante de la Renault 5 E-Tech d\u00e9bute \u00e0 partir de 38\u00a0700 \u20ac hors bonus, soit pas si loin de la R5 \u00e9lectrique.<br \/>\n <a href=\"https:\/\/www.frandroid.com\/marques\/renault\/2247624_voici-tous-les-prix-de-la-r5-electrique-en-version-hautes-performances-une-bonne-surprise-pour-lalpine-a290\" target='bwindow' rel=\"noopener\">Lire la suite&#8230;<\/a><\/p>\n","protected":false},"excerpt":{"rendered":"<p>&lt;img width=&quot;1200&quot; height=&quot;675&quot; src=&quot;https:\/\/www.evearly.news\/fr\/wp-content\/uploads\/sites\/6\/2024\/07\/voici-tous-les-prix-de-la-r5-electrique-en-version-hautes-performances-une-bonne-surprise-pour-lalpine-a290.jpg&quot; class=&quot;attachment-large size-large wp-post-image&quot; alt=&quot;&quot; decoding=&quot;async&quot; loading=&quot;lazy&quot; \/<br \/>\nQuelques semaines apr\u00e8s sa pr\u00e9sentation, l&rsquo;Alpine A290 d\u00e9voile ses tarifs fran\u00e7ais. La version performante de la Renault 5 E-Tech d\u00e9bute \u00e0 partir de 38\u00a0700 \u20ac hors bonus, soit pas si loin de la R5 \u00e9lectrique.\n<\/p>\n<p> <a class=\"continue-reading-link\" href=\"https:\/\/www.evearly.news\/fr\/voici-tous-les-prix-de-la-r5-electrique-en-version-hautes-performances-une-bonne-surprise-pour-lalpine-a290\/\"><\/a><\/p>\n","protected":false},"author":6,"featured_media":285170,"comment_status":"closed","ping_status":"open","sticky":false,"template":"Default","format":"standard","meta":{"footnotes":""},"categories":[14],"tags":[],"class_list":["post-285169","post","type-post","status-publish","format-standard","has-post-thumbnail","hentry","category-frandroid"],"_links":{"self":[{"href":"https:\/\/www.evearly.news\/fr\/wp-json\/wp\/v2\/posts\/285169","targetHints":{"allow":["GET"]}}],"collection":[{"href":"https:\/\/www.evearly.news\/fr\/wp-json\/wp\/v2\/posts"}],"about":[{"href":"https:\/\/www.evearly.news\/fr\/wp-json\/wp\/v2\/types\/post"}],"author":[{"embeddable":true,"href":"https:\/\/www.evearly.news\/fr\/wp-json\/wp\/v2\/users\/6"}],"replies":[{"embeddable":true,"href":"https:\/\/www.evearly.news\/fr\/wp-json\/wp\/v2\/comments?post=285169"}],"version-history":[{"count":0,"href":"https:\/\/www.evearly.news\/fr\/wp-json\/wp\/v2\/posts\/285169\/revisions"}],"wp:featuredmedia":[{"embeddable":true,"href":"https:\/\/www.evearly.news\/fr\/wp-json\/wp\/v2\/media\/285170"}],"wp:attachment":[{"href":"https:\/\/www.evearly.news\/fr\/wp-json\/wp\/v2\/media?parent=285169"}],"wp:term":[{"taxonomy":"category","embeddable":true,"href":"https:\/\/www.evearly.news\/fr\/wp-json\/wp\/v2\/categories?post=285169"},{"taxonomy":"post_tag","embeddable":true,"href":"https:\/\/www.evearly.news\/fr\/wp-json\/wp\/v2\/tags?post=285169"}],"curies":[{"name":"wp","href":"https:\/\/api.w.org\/{rel}","templated":true}]}}