{"id":285171,"date":"2024-07-30T15:03:08","date_gmt":"2024-07-30T13:03:08","guid":{"rendered":"https:\/\/www.evearly.news\/fr\/voici-la-solution-de-ford-pour-vendre-une-fiesta-100-electrique-abordable-la-plateforme-la-plus-efficiente-au-monde\/"},"modified":"2024-07-30T15:03:08","modified_gmt":"2024-07-30T13:03:08","slug":"voici-la-solution-de-ford-pour-vendre-une-fiesta-100-electrique-abordable-la-plateforme-la-plus-efficiente-au-monde","status":"publish","type":"post","link":"https:\/\/www.evearly.news\/fr\/voici-la-solution-de-ford-pour-vendre-une-fiesta-100-electrique-abordable-la-plateforme-la-plus-efficiente-au-monde\/","title":{"rendered":"Voici la solution de Ford pour vendre une Fiesta 100% \u00e9lectrique abordable : \u00ab la plateforme la plus efficiente au monde \u00bb"},"content":{"rendered":"<p><img width=\"1200\" height=\"734\" src=\"https:\/\/www.evearly.news\/fr\/wp-content\/uploads\/sites\/6\/2024\/07\/voici-la-solution-de-ford-pour-vendre-une-fiesta-100-electrique-abordable-la-plateforme-la-plus-efficiente-au-monde.jpg\" class=\"attachment-large size-large wp-post-image\" alt=\"\" decoding=\"async\" loading=\"lazy\" \/<br \/>\nFord, comme de nombreux constructeurs, vit une transition douloureuse dans le domaine de la voiture \u00e9lectrique. La marque am\u00e9ricaine ne se laisse pas faire et d\u00e9veloppe une nouvelle plateforme d\u00e9di\u00e9e \u00e0 des mod\u00e8les plus abordables, et on en sait un peu plus \u00e0 son sujet.<br \/>\n <a href=\"https:\/\/www.frandroid.com\/marques\/ford\/2246158_voici-la-solution-de-ford-pour-vendre-une-fiesta-100-electrique-abordable-la-plateforme-la-plus-efficiente-au-monde\" target='bwindow' rel=\"noopener\">Lire la suite&#8230;<\/a><\/p>\n","protected":false},"excerpt":{"rendered":"<p>&lt;img width=&quot;1200&quot; height=&quot;734&quot; src=&quot;https:\/\/www.evearly.news\/fr\/wp-content\/uploads\/sites\/6\/2024\/07\/voici-la-solution-de-ford-pour-vendre-une-fiesta-100-electrique-abordable-la-plateforme-la-plus-efficiente-au-monde.jpg&quot; class=&quot;attachment-large size-large wp-post-image&quot; alt=&quot;&quot; decoding=&quot;async&quot; loading=&quot;lazy&quot; \/<br \/>\nFord, comme de nombreux constructeurs, vit une transition douloureuse dans le domaine de la voiture \u00e9lectrique. La marque am\u00e9ricaine ne se laisse pas faire et d\u00e9veloppe une nouvelle plateforme d\u00e9di\u00e9e \u00e0 des mod\u00e8les plus abordables, et on en sait un peu plus \u00e0 son sujet.\n<\/p>\n<p> <a class=\"continue-reading-link\" href=\"https:\/\/www.evearly.news\/fr\/voici-la-solution-de-ford-pour-vendre-une-fiesta-100-electrique-abordable-la-plateforme-la-plus-efficiente-au-monde\/\"><\/a><\/p>\n","protected":false},"author":6,"featured_media":285172,"comment_status":"closed","ping_status":"open","sticky":false,"template":"Default","format":"standard","meta":{"footnotes":""},"categories":[14],"tags":[],"class_list":["post-285171","post","type-post","status-publish","format-standard","has-post-thumbnail","hentry","category-frandroid"],"_links":{"self":[{"href":"https:\/\/www.evearly.news\/fr\/wp-json\/wp\/v2\/posts\/285171","targetHints":{"allow":["GET"]}}],"collection":[{"href":"https:\/\/www.evearly.news\/fr\/wp-json\/wp\/v2\/posts"}],"about":[{"href":"https:\/\/www.evearly.news\/fr\/wp-json\/wp\/v2\/types\/post"}],"author":[{"embeddable":true,"href":"https:\/\/www.evearly.news\/fr\/wp-json\/wp\/v2\/users\/6"}],"replies":[{"embeddable":true,"href":"https:\/\/www.evearly.news\/fr\/wp-json\/wp\/v2\/comments?post=285171"}],"version-history":[{"count":0,"href":"https:\/\/www.evearly.news\/fr\/wp-json\/wp\/v2\/posts\/285171\/revisions"}],"wp:featuredmedia":[{"embeddable":true,"href":"https:\/\/www.evearly.news\/fr\/wp-json\/wp\/v2\/media\/285172"}],"wp:attachment":[{"href":"https:\/\/www.evearly.news\/fr\/wp-json\/wp\/v2\/media?parent=285171"}],"wp:term":[{"taxonomy":"category","embeddable":true,"href":"https:\/\/www.evearly.news\/fr\/wp-json\/wp\/v2\/categories?post=285171"},{"taxonomy":"post_tag","embeddable":true,"href":"https:\/\/www.evearly.news\/fr\/wp-json\/wp\/v2\/tags?post=285171"}],"curies":[{"name":"wp","href":"https:\/\/api.w.org\/{rel}","templated":true}]}}