{"id":285819,"date":"2024-08-13T11:59:29","date_gmt":"2024-08-13T09:59:29","guid":{"rendered":"https:\/\/www.evearly.news\/fr\/les-voitures-electriques-francaises-sont-les-pires-selon-cette-etude-ce-constructeur-est-meme-bon-dernier-du-classement\/"},"modified":"2024-08-13T11:59:29","modified_gmt":"2024-08-13T09:59:29","slug":"les-voitures-electriques-francaises-sont-les-pires-selon-cette-etude-ce-constructeur-est-meme-bon-dernier-du-classement","status":"publish","type":"post","link":"https:\/\/www.evearly.news\/fr\/les-voitures-electriques-francaises-sont-les-pires-selon-cette-etude-ce-constructeur-est-meme-bon-dernier-du-classement\/","title":{"rendered":"Les voitures \u00e9lectriques fran\u00e7aises sont les pires selon cette \u00e9tude, ce constructeur est m\u00eame bon dernier du classement"},"content":{"rendered":"<p><img decoding=\"async\" src=\"https:\/\/www.evearly.news\/fr\/wp-content\/uploads\/sites\/6\/2024\/08\/les-voitures-electriques-francaises-sont-les-pires-selon-cette-etude-ce-constructeur-est-meme-bon-dernier-du-classement.jpg\"><br \/>Une \u00e9tude centr\u00e9e sur la satisfaction des propri\u00e9taires de voitures \u00e9lectriques montre que les constructeurs fran\u00e7ais sont loin derri\u00e8re. La derni\u00e8re place est occup\u00e9e par une c\u00e9l\u00e8bre marque avec un score extr\u00eamement bas. Il y a tout un tas de&#8230; <a href=\"https:\/\/www.phonandroid.com\/les-voitures-electriques-francaises-sont-les-pires-selon-cette-etude-ce-constructeur-est-meme-bon-dernier-du-classement.html\" target=\"blank\" rel=\"noopener\">Lire la suite&#8230;<\/a><\/p>\n","protected":false},"excerpt":{"rendered":"<p>Une \u00e9tude centr\u00e9e sur la satisfaction des propri\u00e9taires de voitures \u00e9lectriques montre que les constructeurs fran\u00e7ais sont loin derri\u00e8re. La derni\u00e8re place est occup\u00e9e par une c\u00e9l\u00e8bre marque avec un score extr\u00eamement bas. Il y a tout un tas de&#8230;&#8230; <a class=\"continue-reading-link\" href=\"https:\/\/www.evearly.news\/fr\/les-voitures-electriques-francaises-sont-les-pires-selon-cette-etude-ce-constructeur-est-meme-bon-dernier-du-classement\/\"><\/a><\/p>\n","protected":false},"author":17,"featured_media":285820,"comment_status":"closed","ping_status":"open","sticky":false,"template":"Default","format":"standard","meta":{"footnotes":""},"categories":[18],"tags":[],"class_list":["post-285819","post","type-post","status-publish","format-standard","has-post-thumbnail","hentry","category-phonandroid"],"_links":{"self":[{"href":"https:\/\/www.evearly.news\/fr\/wp-json\/wp\/v2\/posts\/285819","targetHints":{"allow":["GET"]}}],"collection":[{"href":"https:\/\/www.evearly.news\/fr\/wp-json\/wp\/v2\/posts"}],"about":[{"href":"https:\/\/www.evearly.news\/fr\/wp-json\/wp\/v2\/types\/post"}],"author":[{"embeddable":true,"href":"https:\/\/www.evearly.news\/fr\/wp-json\/wp\/v2\/users\/17"}],"replies":[{"embeddable":true,"href":"https:\/\/www.evearly.news\/fr\/wp-json\/wp\/v2\/comments?post=285819"}],"version-history":[{"count":0,"href":"https:\/\/www.evearly.news\/fr\/wp-json\/wp\/v2\/posts\/285819\/revisions"}],"wp:featuredmedia":[{"embeddable":true,"href":"https:\/\/www.evearly.news\/fr\/wp-json\/wp\/v2\/media\/285820"}],"wp:attachment":[{"href":"https:\/\/www.evearly.news\/fr\/wp-json\/wp\/v2\/media?parent=285819"}],"wp:term":[{"taxonomy":"category","embeddable":true,"href":"https:\/\/www.evearly.news\/fr\/wp-json\/wp\/v2\/categories?post=285819"},{"taxonomy":"post_tag","embeddable":true,"href":"https:\/\/www.evearly.news\/fr\/wp-json\/wp\/v2\/tags?post=285819"}],"curies":[{"name":"wp","href":"https:\/\/api.w.org\/{rel}","templated":true}]}}