{"id":286517,"date":"2024-08-28T09:02:07","date_gmt":"2024-08-28T07:02:07","guid":{"rendered":"https:\/\/www.evearly.news\/fr\/xpeng-va-construire-ses-voitures-electriques-en-europe-et-cest-une-mauvaise-nouvelle-pour-tesla\/"},"modified":"2024-08-28T09:02:07","modified_gmt":"2024-08-28T07:02:07","slug":"xpeng-va-construire-ses-voitures-electriques-en-europe-et-cest-une-mauvaise-nouvelle-pour-tesla","status":"publish","type":"post","link":"https:\/\/www.evearly.news\/fr\/xpeng-va-construire-ses-voitures-electriques-en-europe-et-cest-une-mauvaise-nouvelle-pour-tesla\/","title":{"rendered":"Xpeng va construire ses voitures \u00e9lectriques en Europe et c\u2019est une mauvaise nouvelle pour Tesla"},"content":{"rendered":"<p><img width=\"1200\" height=\"858\" src=\"https:\/\/www.evearly.news\/fr\/wp-content\/uploads\/sites\/6\/2024\/08\/xpeng-va-construire-ses-voitures-electriques-en-europe-et-cest-une-mauvaise-nouvelle-pour-tesla.jpg\" class=\"attachment-large size-large wp-post-image\" alt=\"\" decoding=\"async\" loading=\"lazy\" \/<br \/>\nR\u00e9cemment arriv\u00e9 en Europe, Xpeng est d\u00e9sormais soumis \u00e0 des droits de douane en hausse sur le Vieux Continent. Pour contrer les plans de Bruxelles, la firme chinoise souhaite d\u00e9sormais produire ses voitures \u00e9lectriques sur place.<br \/>\n <a href=\"https:\/\/www.frandroid.com\/marques\/xpeng\/2316614_xpeng-va-construire-ses-voitures-electriques-en-europe-et-cest-une-mauvaise-nouvelle-pour-tesla\" target='bwindow' rel=\"noopener\">Lire la suite&#8230;<\/a><\/p>\n","protected":false},"excerpt":{"rendered":"<p>&lt;img width=&quot;1200&quot; height=&quot;858&quot; src=&quot;https:\/\/www.evearly.news\/fr\/wp-content\/uploads\/sites\/6\/2024\/08\/xpeng-va-construire-ses-voitures-electriques-en-europe-et-cest-une-mauvaise-nouvelle-pour-tesla.jpg&quot; class=&quot;attachment-large size-large wp-post-image&quot; alt=&quot;&quot; decoding=&quot;async&quot; loading=&quot;lazy&quot; \/<br \/>\nR\u00e9cemment arriv\u00e9 en Europe, Xpeng est d\u00e9sormais soumis \u00e0 des droits de douane en hausse sur le Vieux Continent. Pour contrer les plans de Bruxelles, la firme chinoise souhaite d\u00e9sormais produire ses voitures \u00e9lectriques sur place.\n<\/p>\n<p> <a class=\"continue-reading-link\" href=\"https:\/\/www.evearly.news\/fr\/xpeng-va-construire-ses-voitures-electriques-en-europe-et-cest-une-mauvaise-nouvelle-pour-tesla\/\"><\/a><\/p>\n","protected":false},"author":6,"featured_media":286518,"comment_status":"closed","ping_status":"open","sticky":false,"template":"Default","format":"standard","meta":{"footnotes":""},"categories":[14],"tags":[],"class_list":["post-286517","post","type-post","status-publish","format-standard","has-post-thumbnail","hentry","category-frandroid"],"_links":{"self":[{"href":"https:\/\/www.evearly.news\/fr\/wp-json\/wp\/v2\/posts\/286517","targetHints":{"allow":["GET"]}}],"collection":[{"href":"https:\/\/www.evearly.news\/fr\/wp-json\/wp\/v2\/posts"}],"about":[{"href":"https:\/\/www.evearly.news\/fr\/wp-json\/wp\/v2\/types\/post"}],"author":[{"embeddable":true,"href":"https:\/\/www.evearly.news\/fr\/wp-json\/wp\/v2\/users\/6"}],"replies":[{"embeddable":true,"href":"https:\/\/www.evearly.news\/fr\/wp-json\/wp\/v2\/comments?post=286517"}],"version-history":[{"count":0,"href":"https:\/\/www.evearly.news\/fr\/wp-json\/wp\/v2\/posts\/286517\/revisions"}],"wp:featuredmedia":[{"embeddable":true,"href":"https:\/\/www.evearly.news\/fr\/wp-json\/wp\/v2\/media\/286518"}],"wp:attachment":[{"href":"https:\/\/www.evearly.news\/fr\/wp-json\/wp\/v2\/media?parent=286517"}],"wp:term":[{"taxonomy":"category","embeddable":true,"href":"https:\/\/www.evearly.news\/fr\/wp-json\/wp\/v2\/categories?post=286517"},{"taxonomy":"post_tag","embeddable":true,"href":"https:\/\/www.evearly.news\/fr\/wp-json\/wp\/v2\/tags?post=286517"}],"curies":[{"name":"wp","href":"https:\/\/api.w.org\/{rel}","templated":true}]}}