{"id":286526,"date":"2024-08-28T09:56:10","date_gmt":"2024-08-28T07:56:10","guid":{"rendered":"https:\/\/www.evearly.news\/fr\/volkswagen-veut-augmenter-la-production-de-voitures-electriques-mais-oublie-un-zero\/"},"modified":"2024-08-28T09:56:10","modified_gmt":"2024-08-28T07:56:10","slug":"volkswagen-veut-augmenter-la-production-de-voitures-electriques-mais-oublie-un-zero","status":"publish","type":"post","link":"https:\/\/www.evearly.news\/fr\/volkswagen-veut-augmenter-la-production-de-voitures-electriques-mais-oublie-un-zero\/","title":{"rendered":"Volkswagen veut augmenter la production de voitures \u00e9lectriques mais oublie un z\u00e9ro"},"content":{"rendered":"<p><img width=\"1200\" height=\"800\" src=\"https:\/\/www.evearly.news\/fr\/wp-content\/uploads\/sites\/6\/2024\/08\/volkswagen-veut-augmenter-la-production-de-voitures-electriques-mais-oublie-un-zero.jpg\" class=\"attachment-large size-large wp-post-image\" alt=\"\" decoding=\"async\" loading=\"lazy\" \/<br \/>\nSi Volkswagen a du mal \u00e0 vendre ses voitures \u00e9lectriques en Europe, la firme de Wolfsburg souhaite d\u00e9sormais accro\u00eetre encore la production au sein de son usine allemande d\u2019Emden. Une d\u00e9cision qui peut sembler surprenante, mais qui n\u2019a pas \u00e9t\u00e9 prise \u00e0 la l\u00e9g\u00e8re et qui est encore en cours de r\u00e9flexion. Surtout, elle para\u00eet bien faible face aux capacit\u00e9s de BYD et Tesla.<br \/>\n <a href=\"https:\/\/www.frandroid.com\/marques\/volkswagen\/2316664_volkswagen-veut-augmenter-la-production-de-voitures-electriques-mais-oublie-un-0\" target='bwindow' rel=\"noopener\">Lire la suite&#8230;<\/a><\/p>\n","protected":false},"excerpt":{"rendered":"<p>&lt;img width=&quot;1200&quot; height=&quot;800&quot; src=&quot;https:\/\/www.evearly.news\/fr\/wp-content\/uploads\/sites\/6\/2024\/08\/volkswagen-veut-augmenter-la-production-de-voitures-electriques-mais-oublie-un-zero.jpg&quot; class=&quot;attachment-large size-large wp-post-image&quot; alt=&quot;&quot; decoding=&quot;async&quot; loading=&quot;lazy&quot; \/<br \/>\nSi Volkswagen a du mal \u00e0 vendre ses voitures \u00e9lectriques en Europe, la firme de Wolfsburg souhaite d\u00e9sormais accro\u00eetre encore la production au sein de son usine allemande d\u2019Emden. Une d\u00e9cision qui peut sembler surprenante, mais qui n\u2019a pas \u00e9t\u00e9 prise \u00e0 la l\u00e9g\u00e8re et qui est encore en cours de r\u00e9flexion. Surtout, elle para\u00eet bien faible face aux capacit\u00e9s de BYD et Tesla.\n<\/p>\n<p> <a class=\"continue-reading-link\" href=\"https:\/\/www.evearly.news\/fr\/volkswagen-veut-augmenter-la-production-de-voitures-electriques-mais-oublie-un-zero\/\"><\/a><\/p>\n","protected":false},"author":6,"featured_media":286527,"comment_status":"closed","ping_status":"open","sticky":false,"template":"Default","format":"standard","meta":{"footnotes":""},"categories":[14],"tags":[],"class_list":["post-286526","post","type-post","status-publish","format-standard","has-post-thumbnail","hentry","category-frandroid"],"_links":{"self":[{"href":"https:\/\/www.evearly.news\/fr\/wp-json\/wp\/v2\/posts\/286526","targetHints":{"allow":["GET"]}}],"collection":[{"href":"https:\/\/www.evearly.news\/fr\/wp-json\/wp\/v2\/posts"}],"about":[{"href":"https:\/\/www.evearly.news\/fr\/wp-json\/wp\/v2\/types\/post"}],"author":[{"embeddable":true,"href":"https:\/\/www.evearly.news\/fr\/wp-json\/wp\/v2\/users\/6"}],"replies":[{"embeddable":true,"href":"https:\/\/www.evearly.news\/fr\/wp-json\/wp\/v2\/comments?post=286526"}],"version-history":[{"count":0,"href":"https:\/\/www.evearly.news\/fr\/wp-json\/wp\/v2\/posts\/286526\/revisions"}],"wp:featuredmedia":[{"embeddable":true,"href":"https:\/\/www.evearly.news\/fr\/wp-json\/wp\/v2\/media\/286527"}],"wp:attachment":[{"href":"https:\/\/www.evearly.news\/fr\/wp-json\/wp\/v2\/media?parent=286526"}],"wp:term":[{"taxonomy":"category","embeddable":true,"href":"https:\/\/www.evearly.news\/fr\/wp-json\/wp\/v2\/categories?post=286526"},{"taxonomy":"post_tag","embeddable":true,"href":"https:\/\/www.evearly.news\/fr\/wp-json\/wp\/v2\/tags?post=286526"}],"curies":[{"name":"wp","href":"https:\/\/api.w.org\/{rel}","templated":true}]}}