{"id":286546,"date":"2024-08-28T11:50:07","date_gmt":"2024-08-28T09:50:07","guid":{"rendered":"https:\/\/www.evearly.news\/fr\/smart-5-la-smart-la-plus-familiale-jamais-concue-est-la\/"},"modified":"2024-08-28T11:50:07","modified_gmt":"2024-08-28T09:50:07","slug":"smart-5-la-smart-la-plus-familiale-jamais-concue-est-la","status":"publish","type":"post","link":"https:\/\/www.evearly.news\/fr\/smart-5-la-smart-la-plus-familiale-jamais-concue-est-la\/","title":{"rendered":"Smart #5 : la Smart la plus familiale jamais con\u00e7ue est l\u00e0 !"},"content":{"rendered":"<p><img decoding=\"async\" src=\"https:\/\/www.evearly.news\/fr\/wp-content\/uploads\/sites\/6\/2024\/08\/smart-5-la-smart-la-plus-familiale-jamais-concue-est-la.webp\" alt=\"auto-moto\"><br \/>Smart d\u00e9voile officiellement son troisi\u00e8me mod\u00e8le con\u00e7u sous l\u2019\u00e8re Geely : le #5. Ce grand SUV familial 100% \u00e9lectrique est bien loin des premi\u00e8res Fortwo, puisqu\u2019il affiche 4,70 m de long, soit pr\u00e8s de deux fois leur taille ! <a href=\"https:\/\/www.auto-moto.com\/suv\/smart-5--la-smart-la-plus-familiale-jamais-concue-est-la--44404\" target=\"blank\" rel=\"noopener\">Lire la suite&#8230;<\/a><\/p>\n","protected":false},"excerpt":{"rendered":"<p>Smart d\u00e9voile officiellement son troisi\u00e8me mod\u00e8le con\u00e7u sous l\u2019\u00e8re Geely : le #5. Ce grand SUV familial 100% \u00e9lectrique est bien loin des premi\u00e8res Fortwo, puisqu\u2019il affiche 4,70 m de long, soit pr\u00e8s de deux fois leur taille !&#8230; <a class=\"continue-reading-link\" href=\"https:\/\/www.evearly.news\/fr\/smart-5-la-smart-la-plus-familiale-jamais-concue-est-la\/\"><\/a><\/p>\n","protected":false},"author":9,"featured_media":286547,"comment_status":"closed","ping_status":"open","sticky":false,"template":"Default","format":"standard","meta":{"footnotes":""},"categories":[10],"tags":[],"class_list":["post-286546","post","type-post","status-publish","format-standard","has-post-thumbnail","hentry","category-auto-moto-com"],"_links":{"self":[{"href":"https:\/\/www.evearly.news\/fr\/wp-json\/wp\/v2\/posts\/286546","targetHints":{"allow":["GET"]}}],"collection":[{"href":"https:\/\/www.evearly.news\/fr\/wp-json\/wp\/v2\/posts"}],"about":[{"href":"https:\/\/www.evearly.news\/fr\/wp-json\/wp\/v2\/types\/post"}],"author":[{"embeddable":true,"href":"https:\/\/www.evearly.news\/fr\/wp-json\/wp\/v2\/users\/9"}],"replies":[{"embeddable":true,"href":"https:\/\/www.evearly.news\/fr\/wp-json\/wp\/v2\/comments?post=286546"}],"version-history":[{"count":0,"href":"https:\/\/www.evearly.news\/fr\/wp-json\/wp\/v2\/posts\/286546\/revisions"}],"wp:featuredmedia":[{"embeddable":true,"href":"https:\/\/www.evearly.news\/fr\/wp-json\/wp\/v2\/media\/286547"}],"wp:attachment":[{"href":"https:\/\/www.evearly.news\/fr\/wp-json\/wp\/v2\/media?parent=286546"}],"wp:term":[{"taxonomy":"category","embeddable":true,"href":"https:\/\/www.evearly.news\/fr\/wp-json\/wp\/v2\/categories?post=286546"},{"taxonomy":"post_tag","embeddable":true,"href":"https:\/\/www.evearly.news\/fr\/wp-json\/wp\/v2\/tags?post=286546"}],"curies":[{"name":"wp","href":"https:\/\/api.w.org\/{rel}","templated":true}]}}