{"id":286550,"date":"2024-08-28T11:58:46","date_gmt":"2024-08-28T09:58:46","guid":{"rendered":"https:\/\/www.evearly.news\/fr\/faillite-des-voitures-electriques-fisker-la-justice-prend-une-decision-inattendue-qui-va-dans-le-sens-des-proprietaires\/"},"modified":"2024-08-28T13:09:10","modified_gmt":"2024-08-28T11:09:10","slug":"faillite-des-voitures-electriques-fisker-la-justice-prend-une-decision-inattendue-qui-va-dans-le-sens-des-proprietaires","status":"publish","type":"post","link":"https:\/\/www.evearly.news\/fr\/faillite-des-voitures-electriques-fisker-la-justice-prend-une-decision-inattendue-qui-va-dans-le-sens-des-proprietaires\/","title":{"rendered":"Faillite des voitures \u00e9lectriques Fisker : la justice prend une d\u00e9cision inattendue qui va dans le sens des propri\u00e9taires"},"content":{"rendered":"<p><img loading=\"lazy\" decoding=\"async\" class=\"attachment-large size-large wp-post-image\" src=\"https:\/\/www.evearly.news\/fr\/wp-content\/uploads\/sites\/6\/2024\/08\/faillite-des-voitures-electriques-fisker-la-justice-prend-une-decision-inattendue-qui-va-dans-le-sens-des-proprietaires.jpg\" alt=\"\" width=\"1200\" height=\"801\" \/> D\u00e9clar\u00e9 en faillite depuis le mois de juin, Fisker ne va finalement pas abandonner les clients de ses voitures \u00e9lectriques, gr\u00e2ce \u00e0 une nouvelle d\u00e9cision de la justice am\u00e9ricaine. Ces derniers pourront ainsi profiter de mises \u00e0 jour permettant de corriger certains bugs graves sur leurs voitures \u00e9lectriques.<br \/>\n<a href=\"https:\/\/www.frandroid.com\/marques\/fisker\/2316696_faillite-des-voitures-electriques-fisker-la-justice-prend-une-decision-inattendue-qui-va-dans-le-sens-des-proprietaires\" target=\"bwindow\" rel=\"noopener\">Lire la suite&#8230;<\/a><\/p>\n","protected":false},"excerpt":{"rendered":"<p>&lt;img width=&quot;1200&quot; height=&quot;801&quot; src=&quot;https:\/\/www.evearly.news\/fr\/wp-content\/uploads\/sites\/6\/2024\/08\/faillite-des-voitures-electriques-fisker-la-justice-prend-une-decision-inattendue-qui-va-dans-le-sens-des-proprietaires.jpg&quot; class=&quot;attachment-large size-large wp-post-image&quot; alt=&quot;&quot; decoding=&quot;async&quot; loading=&quot;lazy&quot; \/<br \/>\nD\u00e9clar\u00e9 en faillite depuis le mois de juin, Fisker ne va finalement pas abandonner les clients de ses voitures \u00e9lectriqeus, gr\u00e2ce \u00e0 une nouvelle d\u00e9cision de la justice am\u00e9ricaine. Ces derniers pourront ainsi profiter de mises \u00e0 jour permettant de corriger certains bugs graves sur leurs voitures \u00e9lectriques.\n<\/p>\n<p> <a class=\"continue-reading-link\" href=\"https:\/\/www.evearly.news\/fr\/faillite-des-voitures-electriques-fisker-la-justice-prend-une-decision-inattendue-qui-va-dans-le-sens-des-proprietaires\/\"><\/a><\/p>\n","protected":false},"author":6,"featured_media":286551,"comment_status":"closed","ping_status":"open","sticky":false,"template":"Default","format":"standard","meta":{"footnotes":""},"categories":[14],"tags":[],"class_list":["post-286550","post","type-post","status-publish","format-standard","has-post-thumbnail","hentry","category-frandroid"],"_links":{"self":[{"href":"https:\/\/www.evearly.news\/fr\/wp-json\/wp\/v2\/posts\/286550","targetHints":{"allow":["GET"]}}],"collection":[{"href":"https:\/\/www.evearly.news\/fr\/wp-json\/wp\/v2\/posts"}],"about":[{"href":"https:\/\/www.evearly.news\/fr\/wp-json\/wp\/v2\/types\/post"}],"author":[{"embeddable":true,"href":"https:\/\/www.evearly.news\/fr\/wp-json\/wp\/v2\/users\/6"}],"replies":[{"embeddable":true,"href":"https:\/\/www.evearly.news\/fr\/wp-json\/wp\/v2\/comments?post=286550"}],"version-history":[{"count":1,"href":"https:\/\/www.evearly.news\/fr\/wp-json\/wp\/v2\/posts\/286550\/revisions"}],"predecessor-version":[{"id":286574,"href":"https:\/\/www.evearly.news\/fr\/wp-json\/wp\/v2\/posts\/286550\/revisions\/286574"}],"wp:featuredmedia":[{"embeddable":true,"href":"https:\/\/www.evearly.news\/fr\/wp-json\/wp\/v2\/media\/286551"}],"wp:attachment":[{"href":"https:\/\/www.evearly.news\/fr\/wp-json\/wp\/v2\/media?parent=286550"}],"wp:term":[{"taxonomy":"category","embeddable":true,"href":"https:\/\/www.evearly.news\/fr\/wp-json\/wp\/v2\/categories?post=286550"},{"taxonomy":"post_tag","embeddable":true,"href":"https:\/\/www.evearly.news\/fr\/wp-json\/wp\/v2\/tags?post=286550"}],"curies":[{"name":"wp","href":"https:\/\/api.w.org\/{rel}","templated":true}]}}