{"id":286967,"date":"2024-09-04T21:50:06","date_gmt":"2024-09-04T19:50:06","guid":{"rendered":"https:\/\/www.evearly.news\/fr\/renault-r17-electric-2024-renault-a-ressuscite-la-r17\/"},"modified":"2024-09-04T21:50:06","modified_gmt":"2024-09-04T19:50:06","slug":"renault-r17-electric-2024-renault-a-ressuscite-la-r17","status":"publish","type":"post","link":"https:\/\/www.evearly.news\/fr\/renault-r17-electric-2024-renault-a-ressuscite-la-r17\/","title":{"rendered":"Renault R17 electric 2024 : Renault a ressuscit\u00e9 la R17 !"},"content":{"rendered":"<div class=\"media_block\"><img decoding=\"async\" src=\"https:\/\/www.evearly.news\/fr\/wp-content\/uploads\/sites\/6\/2024\/09\/renault-r17-electric-2024-renault-a-ressuscite-la-r17.jpg\"><\/div>\n<p>Renault d\u00e9voile un show car restomod de R17 avec une motorisation \u00e9lectrique de 270 ch. Un v\u00e9hicule imagin\u00e9 juste pour le plaisir en collaboration avec le designer Ora \u00cfto. Expos\u00e9 \u00e0 la Maison 5 \u00e0 Paris, ce petit muscle car \u00e9lectrique sera pr\u00e9sent au Mondial de l&rsquo;Auto \u00e0 Paris. <a href=\"https:\/\/www.automobile-magazine.fr\/toute-l-actualite\/article\/44489-renault-r17-electric-2024-renault-a-ressuscite-la-r17\" target='bwindow' rel=\"noopener\">Lire la suite&#8230;<\/a><\/p>\n","protected":false},"excerpt":{"rendered":"<div class=\"media_block\"><img decoding=\"async\" src=\"https:\/\/www.evearly.news\/fr\/wp-content\/uploads\/sites\/6\/2024\/09\/renault-r17-electric-2024-renault-a-ressuscite-la-r17.jpg\"><\/div>\n<p> <a class=\"continue-reading-link\" href=\"https:\/\/www.evearly.news\/fr\/renault-r17-electric-2024-renault-a-ressuscite-la-r17\/\"><\/a><\/p>\n","protected":false},"author":7,"featured_media":286968,"comment_status":"closed","ping_status":"open","sticky":false,"template":"Default","format":"standard","meta":{"footnotes":""},"categories":[7],"tags":[],"class_list":["post-286967","post","type-post","status-publish","format-standard","has-post-thumbnail","hentry","category-automobile-magazine"],"_links":{"self":[{"href":"https:\/\/www.evearly.news\/fr\/wp-json\/wp\/v2\/posts\/286967","targetHints":{"allow":["GET"]}}],"collection":[{"href":"https:\/\/www.evearly.news\/fr\/wp-json\/wp\/v2\/posts"}],"about":[{"href":"https:\/\/www.evearly.news\/fr\/wp-json\/wp\/v2\/types\/post"}],"author":[{"embeddable":true,"href":"https:\/\/www.evearly.news\/fr\/wp-json\/wp\/v2\/users\/7"}],"replies":[{"embeddable":true,"href":"https:\/\/www.evearly.news\/fr\/wp-json\/wp\/v2\/comments?post=286967"}],"version-history":[{"count":0,"href":"https:\/\/www.evearly.news\/fr\/wp-json\/wp\/v2\/posts\/286967\/revisions"}],"wp:featuredmedia":[{"embeddable":true,"href":"https:\/\/www.evearly.news\/fr\/wp-json\/wp\/v2\/media\/286968"}],"wp:attachment":[{"href":"https:\/\/www.evearly.news\/fr\/wp-json\/wp\/v2\/media?parent=286967"}],"wp:term":[{"taxonomy":"category","embeddable":true,"href":"https:\/\/www.evearly.news\/fr\/wp-json\/wp\/v2\/categories?post=286967"},{"taxonomy":"post_tag","embeddable":true,"href":"https:\/\/www.evearly.news\/fr\/wp-json\/wp\/v2\/tags?post=286967"}],"curies":[{"name":"wp","href":"https:\/\/api.w.org\/{rel}","templated":true}]}}