{"id":286977,"date":"2024-09-05T09:50:04","date_gmt":"2024-09-05T07:50:04","guid":{"rendered":"https:\/\/www.evearly.news\/fr\/appel-a-projets-ademe-developper-le-velotourisme\/"},"modified":"2024-09-05T09:50:04","modified_gmt":"2024-09-05T07:50:04","slug":"appel-a-projets-ademe-developper-le-velotourisme","status":"publish","type":"post","link":"https:\/\/www.evearly.news\/fr\/appel-a-projets-ademe-developper-le-velotourisme\/","title":{"rendered":"Appel \u00e0 projets ADEME : D\u00e9velopper le v\u00e9lotourisme"},"content":{"rendered":"<p><img width=\"1000\" height=\"563\" src=\"https:\/\/www.evearly.news\/fr\/wp-content\/uploads\/sites\/6\/2024\/09\/appel-a-projets-ademe-developper-le-velotourisme.jpg\" class=\"attachment-post-thumbnail size-post-thumbnail wp-post-image\" alt=\"Appel \u00e0 projets ADEME : D\u00e9velopper le v\u00e9lotourisme\" decoding=\"async\" fetchpriority=\"high\" srcset=\"https:\/\/www.evearly.news\/fr\/wp-content\/uploads\/sites\/6\/2024\/09\/appel-a-projets-ademe-developper-le-velotourisme.jpg 1000w, https:\/\/www.evearly.news\/fr\/wp-content\/uploads\/sites\/6\/2024\/09\/appel-a-projets-ademe-developper-le-velotourisme-1.jpg 300w, https:\/\/www.evearly.news\/fr\/wp-content\/uploads\/sites\/6\/2024\/09\/appel-a-projets-ademe-developper-le-velotourisme-2.jpg 998w, https:\/\/www.avem.fr\/wp-content\/uploads\/2024\/09\/Image-article-1000x563-1-768x432.jpg 768w\" sizes=\"(max-width: 1000px) 100vw, 1000px\" \/>L\u2019ADEME accompagne les socioprofessionnels et les collectivit\u00e9s territoriales dans le d\u00e9veloppement des v\u00e9loroutes et des services d\u00e9di\u00e9s au v\u00e9lotourisme en lan\u00e7ant un appel \u00e0 projets. Les objectifs de l\u2019appel \u00e0 projet Ce mode de d\u00e9placement bas carbone est en lien avec la nature, respectueux de l\u2019environnement et valorisant les territoires. [\u2026] <a href=\"https:\/\/www.avem.fr\/2024\/09\/05\/appel-a-projets-ademe-developper-le-velotourisme\/\" target=\"blank\" rel=\"noopener\">Lire la suite&#8230;<\/a><\/p>\n","protected":false},"excerpt":{"rendered":"<p><img loading=\"lazy\" decoding=\"async\" width=\"1000\" height=\"563\" src=\"https:\/\/www.evearly.news\/fr\/wp-content\/uploads\/sites\/6\/2024\/09\/appel-a-projets-ademe-developper-le-velotourisme.jpg\" class=\"attachment-post-thumbnail size-post-thumbnail wp-post-image\" alt=\"Appel \u00e0 projets ADEME : D\u00e9velopper le v\u00e9lotourisme\" \/>L\u2019ADEME accompagne les socioprofessionnels et les collectivit\u00e9s territoriales dans le d\u00e9veloppement des v\u00e9loroutes et des services d\u00e9di\u00e9s au v\u00e9lotourisme en lan\u00e7ant un appel \u00e0 projets. Les objectifs de l\u2019appel \u00e0 projet Ce mode de d\u00e9placement bas carbone est en lien avec la nature, respectueux de l\u2019environnement et valorisant les territoires. [\u2026] <a class=\"continue-reading-link\" href=\"https:\/\/www.evearly.news\/fr\/appel-a-projets-ademe-developper-le-velotourisme\/\"><\/a><\/p>\n","protected":false},"author":3,"featured_media":286978,"comment_status":"closed","ping_status":"open","sticky":false,"template":"Default","format":"standard","meta":{"footnotes":""},"categories":[3],"tags":[],"class_list":["post-286977","post","type-post","status-publish","format-standard","has-post-thumbnail","hentry","category-avem"],"_links":{"self":[{"href":"https:\/\/www.evearly.news\/fr\/wp-json\/wp\/v2\/posts\/286977","targetHints":{"allow":["GET"]}}],"collection":[{"href":"https:\/\/www.evearly.news\/fr\/wp-json\/wp\/v2\/posts"}],"about":[{"href":"https:\/\/www.evearly.news\/fr\/wp-json\/wp\/v2\/types\/post"}],"author":[{"embeddable":true,"href":"https:\/\/www.evearly.news\/fr\/wp-json\/wp\/v2\/users\/3"}],"replies":[{"embeddable":true,"href":"https:\/\/www.evearly.news\/fr\/wp-json\/wp\/v2\/comments?post=286977"}],"version-history":[{"count":0,"href":"https:\/\/www.evearly.news\/fr\/wp-json\/wp\/v2\/posts\/286977\/revisions"}],"wp:featuredmedia":[{"embeddable":true,"href":"https:\/\/www.evearly.news\/fr\/wp-json\/wp\/v2\/media\/286978"}],"wp:attachment":[{"href":"https:\/\/www.evearly.news\/fr\/wp-json\/wp\/v2\/media?parent=286977"}],"wp:term":[{"taxonomy":"category","embeddable":true,"href":"https:\/\/www.evearly.news\/fr\/wp-json\/wp\/v2\/categories?post=286977"},{"taxonomy":"post_tag","embeddable":true,"href":"https:\/\/www.evearly.news\/fr\/wp-json\/wp\/v2\/tags?post=286977"}],"curies":[{"name":"wp","href":"https:\/\/api.w.org\/{rel}","templated":true}]}}