{"id":287030,"date":"2024-09-05T13:20:04","date_gmt":"2024-09-05T11:20:04","guid":{"rendered":"https:\/\/www.evearly.news\/fr\/volvo-prepare-une-grande-berline-electrique-baptisee-es90-pour-2025\/"},"modified":"2024-09-05T13:20:04","modified_gmt":"2024-09-05T11:20:04","slug":"volvo-prepare-une-grande-berline-electrique-baptisee-es90-pour-2025","status":"publish","type":"post","link":"https:\/\/www.evearly.news\/fr\/volvo-prepare-une-grande-berline-electrique-baptisee-es90-pour-2025\/","title":{"rendered":"Volvo pr\u00e9pare une grande berline \u00e9lectrique baptis\u00e9e ES90 pour 2025"},"content":{"rendered":"<p><img decoding=\"async\" src=\"https:\/\/www.evearly.news\/fr\/wp-content\/uploads\/sites\/6\/2024\/09\/volvo-prepare-une-grande-berline-electrique-baptisee-es90-pour-2025.webp\" alt=\"auto-moto\"><br \/>Lors d\u2019une conf\u00e9rence de presse d\u00e9di\u00e9e \u00e0 ses XC90 restyl\u00e9 et EX90, Volvo a aussi \u00e9voqu\u00e9 un autre mod\u00e8le de la gamme \u201c90\u201d : une grande berline ES90, 100% \u00e9lectrique, pr\u00e9vue d\u00e8s le printemps 2025. <a href=\"https:\/\/www.auto-moto.com\/electrique\/volvo-prepare-une-grande-berline-electrique-baptisee-es90-pour-2025-44931\" target=\"blank\" rel=\"noopener\">Lire la suite&#8230;<\/a><\/p>\n","protected":false},"excerpt":{"rendered":"<p>Lors d\u2019une conf\u00e9rence de presse d\u00e9di\u00e9e \u00e0 ses XC90 restyl\u00e9 et EX90, Volvo a aussi \u00e9voqu\u00e9 un autre mod\u00e8le de la gamme \u201c90\u201d : une grande berline ES90, 100% \u00e9lectrique, pr\u00e9vue d\u00e8s le printemps 2025&#8230;. <a class=\"continue-reading-link\" href=\"https:\/\/www.evearly.news\/fr\/volvo-prepare-une-grande-berline-electrique-baptisee-es90-pour-2025\/\"><\/a><\/p>\n","protected":false},"author":9,"featured_media":287031,"comment_status":"closed","ping_status":"open","sticky":false,"template":"Default","format":"standard","meta":{"footnotes":""},"categories":[10],"tags":[],"class_list":["post-287030","post","type-post","status-publish","format-standard","has-post-thumbnail","hentry","category-auto-moto-com"],"_links":{"self":[{"href":"https:\/\/www.evearly.news\/fr\/wp-json\/wp\/v2\/posts\/287030","targetHints":{"allow":["GET"]}}],"collection":[{"href":"https:\/\/www.evearly.news\/fr\/wp-json\/wp\/v2\/posts"}],"about":[{"href":"https:\/\/www.evearly.news\/fr\/wp-json\/wp\/v2\/types\/post"}],"author":[{"embeddable":true,"href":"https:\/\/www.evearly.news\/fr\/wp-json\/wp\/v2\/users\/9"}],"replies":[{"embeddable":true,"href":"https:\/\/www.evearly.news\/fr\/wp-json\/wp\/v2\/comments?post=287030"}],"version-history":[{"count":0,"href":"https:\/\/www.evearly.news\/fr\/wp-json\/wp\/v2\/posts\/287030\/revisions"}],"wp:featuredmedia":[{"embeddable":true,"href":"https:\/\/www.evearly.news\/fr\/wp-json\/wp\/v2\/media\/287031"}],"wp:attachment":[{"href":"https:\/\/www.evearly.news\/fr\/wp-json\/wp\/v2\/media?parent=287030"}],"wp:term":[{"taxonomy":"category","embeddable":true,"href":"https:\/\/www.evearly.news\/fr\/wp-json\/wp\/v2\/categories?post=287030"},{"taxonomy":"post_tag","embeddable":true,"href":"https:\/\/www.evearly.news\/fr\/wp-json\/wp\/v2\/tags?post=287030"}],"curies":[{"name":"wp","href":"https:\/\/api.w.org\/{rel}","templated":true}]}}