{"id":287398,"date":"2024-09-11T12:33:05","date_gmt":"2024-09-11T10:33:05","guid":{"rendered":"https:\/\/www.evearly.news\/fr\/on-sait-enfin-a-quoi-ressemble-la-voiture-electrique-la-plus-abordable-de-lucid-la-tesla-model-y-dans-le-viseur\/"},"modified":"2024-09-11T12:33:05","modified_gmt":"2024-09-11T10:33:05","slug":"on-sait-enfin-a-quoi-ressemble-la-voiture-electrique-la-plus-abordable-de-lucid-la-tesla-model-y-dans-le-viseur","status":"publish","type":"post","link":"https:\/\/www.evearly.news\/fr\/on-sait-enfin-a-quoi-ressemble-la-voiture-electrique-la-plus-abordable-de-lucid-la-tesla-model-y-dans-le-viseur\/","title":{"rendered":"On sait enfin \u00e0 quoi ressemble la voiture \u00e9lectrique la plus \u00ab\u00a0abordable\u00a0\u00bb de Lucid : la Tesla Model Y dans le viseur"},"content":{"rendered":"<p><img loading=\"lazy\" width=\"1200\" height=\"800\" src=\"https:\/\/www.evearly.news\/fr\/wp-content\/uploads\/sites\/6\/2024\/09\/on-sait-enfin-a-quoi-ressemble-la-voiture-electrique-la-plus-abordable-de-lucid-la-tesla-model-y-dans-le-viseur.jpg\" class=\"attachment-large size-large wp-post-image\" alt=\"\" decoding=\"async\" \/<br \/>\nSi la situation de Lucid reste encore tr\u00e8s fragile, le constructeur am\u00e9ricain est loin d\u2019avoir dit son dernier mot. C\u2019est ainsi qu\u2019il s\u2019appr\u00eate \u00e0 lever le voile sur un tout nouveau mod\u00e8le, qui devrait chasser directement sur les terres de la Tesla Model Y. Il s&rsquo;agit de la voiture \u00e9lectrique la plus abordable de Lucid&#8230; \u00e0 moins de 50 000 dollars tout de m\u00eame.<br \/>\n <a href=\"https:\/\/www.frandroid.com\/survoltes\/voitures-electriques\/2334292_on-sait-enfin-a-quoi-ressemble-la-voiture-electrique-la-plus-abordable-de-lucid-la-tesla-model-y-dans-le-viseur\" target='bwindow' rel=\"noopener\">Lire la suite&#8230;<\/a><\/p>\n","protected":false},"excerpt":{"rendered":"<p>&lt;img width=&quot;1200&quot; height=&quot;800&quot; src=&quot;https:\/\/www.evearly.news\/fr\/wp-content\/uploads\/sites\/6\/2024\/09\/on-sait-enfin-a-quoi-ressemble-la-voiture-electrique-la-plus-abordable-de-lucid-la-tesla-model-y-dans-le-viseur.jpg&quot; class=&quot;attachment-large size-large wp-post-image&quot; alt=&quot;&quot; decoding=&quot;async&quot; \/<br \/>\nSi la situation de Lucid reste encore tr\u00e8s fragile, le constructeur am\u00e9ricain est loin d\u2019avoir dit son dernier mot. C\u2019est ainsi qu\u2019il s\u2019appr\u00eate \u00e0 lever le voile sur un tout nouveau mod\u00e8le, qui devrait chasser directement sur les terres de la Tesla Model Y. Il s&rsquo;agit de la voiture \u00e9lectrique la plus abordable de Lucid&#8230; \u00e0 moins de 50 000 dollars tout de m\u00eame.\n<\/p>\n<p> <a class=\"continue-reading-link\" href=\"https:\/\/www.evearly.news\/fr\/on-sait-enfin-a-quoi-ressemble-la-voiture-electrique-la-plus-abordable-de-lucid-la-tesla-model-y-dans-le-viseur\/\"><\/a><\/p>\n","protected":false},"author":6,"featured_media":287399,"comment_status":"closed","ping_status":"open","sticky":false,"template":"Default","format":"standard","meta":{"footnotes":""},"categories":[14],"tags":[],"class_list":["post-287398","post","type-post","status-publish","format-standard","has-post-thumbnail","hentry","category-frandroid"],"_links":{"self":[{"href":"https:\/\/www.evearly.news\/fr\/wp-json\/wp\/v2\/posts\/287398","targetHints":{"allow":["GET"]}}],"collection":[{"href":"https:\/\/www.evearly.news\/fr\/wp-json\/wp\/v2\/posts"}],"about":[{"href":"https:\/\/www.evearly.news\/fr\/wp-json\/wp\/v2\/types\/post"}],"author":[{"embeddable":true,"href":"https:\/\/www.evearly.news\/fr\/wp-json\/wp\/v2\/users\/6"}],"replies":[{"embeddable":true,"href":"https:\/\/www.evearly.news\/fr\/wp-json\/wp\/v2\/comments?post=287398"}],"version-history":[{"count":0,"href":"https:\/\/www.evearly.news\/fr\/wp-json\/wp\/v2\/posts\/287398\/revisions"}],"wp:featuredmedia":[{"embeddable":true,"href":"https:\/\/www.evearly.news\/fr\/wp-json\/wp\/v2\/media\/287399"}],"wp:attachment":[{"href":"https:\/\/www.evearly.news\/fr\/wp-json\/wp\/v2\/media?parent=287398"}],"wp:term":[{"taxonomy":"category","embeddable":true,"href":"https:\/\/www.evearly.news\/fr\/wp-json\/wp\/v2\/categories?post=287398"},{"taxonomy":"post_tag","embeddable":true,"href":"https:\/\/www.evearly.news\/fr\/wp-json\/wp\/v2\/tags?post=287398"}],"curies":[{"name":"wp","href":"https:\/\/api.w.org\/{rel}","templated":true}]}}