{"id":287463,"date":"2024-09-12T12:01:05","date_gmt":"2024-09-12T10:01:05","guid":{"rendered":"https:\/\/www.evearly.news\/fr\/pas-possible-de-maintenir-lemploi-volkswagen-prend-une-decision-historique-du-jamais-vu-en-30-ans\/"},"modified":"2024-09-12T12:01:05","modified_gmt":"2024-09-12T10:01:05","slug":"pas-possible-de-maintenir-lemploi-volkswagen-prend-une-decision-historique-du-jamais-vu-en-30-ans","status":"publish","type":"post","link":"https:\/\/www.evearly.news\/fr\/pas-possible-de-maintenir-lemploi-volkswagen-prend-une-decision-historique-du-jamais-vu-en-30-ans\/","title":{"rendered":"\u00ab Pas possible de maintenir l\u2019emploi \u00bb : Volkswagen prend une d\u00e9cision historique, du jamais vu en 30 ans"},"content":{"rendered":"<p><img width=\"1200\" height=\"600\" src=\"https:\/\/www.evearly.news\/fr\/wp-content\/uploads\/sites\/6\/2024\/09\/pas-possible-de-maintenir-lemploi-volkswagen-prend-une-decision-historique-du-jamais-vu-en-30-ans.jpg\" class=\"attachment-large size-large wp-post-image\" alt=\"\" decoding=\"async\" loading=\"lazy\" \/<br \/>\nEn proie \u00e0 de tr\u00e8s grandes difficult\u00e9s, Volkswagen a pris la d\u00e9cision de mettre fin \u00e0 son accord sur la garantie de l\u2019emploi. La firme pourrait alors d\u00e9marrer une importante vague de licenciements d\u00e8s l\u2019ann\u00e9e prochaine dans ses usines.<br \/>\n <a href=\"https:\/\/www.frandroid.com\/marques\/volkswagen\/2335484_pas-possible-de-maintenir-lemploi-volkswagen-prend-une-decision-historique-du-jamais-vu-en-30-ans\" target='bwindow' rel=\"noopener\">Lire la suite&#8230;<\/a><\/p>\n","protected":false},"excerpt":{"rendered":"<p>&lt;img width=&quot;1200&quot; height=&quot;600&quot; src=&quot;https:\/\/www.evearly.news\/fr\/wp-content\/uploads\/sites\/6\/2024\/09\/pas-possible-de-maintenir-lemploi-volkswagen-prend-une-decision-historique-du-jamais-vu-en-30-ans.jpg&quot; class=&quot;attachment-large size-large wp-post-image&quot; alt=&quot;&quot; decoding=&quot;async&quot; loading=&quot;lazy&quot; \/<br \/>\nEn proie \u00e0 de tr\u00e8s grandes difficult\u00e9s, Volkswagen a pris la d\u00e9cision de mettre fin \u00e0 son accord sur la garantie de l\u2019emploi. La firme pourrait alors d\u00e9marrer une importante vague de licenciements d\u00e8s l\u2019ann\u00e9e prochaine dans ses usines.\n<\/p>\n<p> <a class=\"continue-reading-link\" href=\"https:\/\/www.evearly.news\/fr\/pas-possible-de-maintenir-lemploi-volkswagen-prend-une-decision-historique-du-jamais-vu-en-30-ans\/\"><\/a><\/p>\n","protected":false},"author":6,"featured_media":287464,"comment_status":"closed","ping_status":"open","sticky":false,"template":"Default","format":"standard","meta":{"footnotes":""},"categories":[14],"tags":[],"class_list":["post-287463","post","type-post","status-publish","format-standard","has-post-thumbnail","hentry","category-frandroid"],"_links":{"self":[{"href":"https:\/\/www.evearly.news\/fr\/wp-json\/wp\/v2\/posts\/287463","targetHints":{"allow":["GET"]}}],"collection":[{"href":"https:\/\/www.evearly.news\/fr\/wp-json\/wp\/v2\/posts"}],"about":[{"href":"https:\/\/www.evearly.news\/fr\/wp-json\/wp\/v2\/types\/post"}],"author":[{"embeddable":true,"href":"https:\/\/www.evearly.news\/fr\/wp-json\/wp\/v2\/users\/6"}],"replies":[{"embeddable":true,"href":"https:\/\/www.evearly.news\/fr\/wp-json\/wp\/v2\/comments?post=287463"}],"version-history":[{"count":0,"href":"https:\/\/www.evearly.news\/fr\/wp-json\/wp\/v2\/posts\/287463\/revisions"}],"wp:featuredmedia":[{"embeddable":true,"href":"https:\/\/www.evearly.news\/fr\/wp-json\/wp\/v2\/media\/287464"}],"wp:attachment":[{"href":"https:\/\/www.evearly.news\/fr\/wp-json\/wp\/v2\/media?parent=287463"}],"wp:term":[{"taxonomy":"category","embeddable":true,"href":"https:\/\/www.evearly.news\/fr\/wp-json\/wp\/v2\/categories?post=287463"},{"taxonomy":"post_tag","embeddable":true,"href":"https:\/\/www.evearly.news\/fr\/wp-json\/wp\/v2\/tags?post=287463"}],"curies":[{"name":"wp","href":"https:\/\/api.w.org\/{rel}","templated":true}]}}