{"id":287544,"date":"2024-09-13T15:32:27","date_gmt":"2024-09-13T13:32:27","guid":{"rendered":"https:\/\/www.evearly.news\/fr\/je-suis-vraiment-impressionne-lancien-patron-de-volkswagen-donne-son-avis-sur-les-voitures-electriques-chinoises\/"},"modified":"2024-09-13T15:32:27","modified_gmt":"2024-09-13T13:32:27","slug":"je-suis-vraiment-impressionne-lancien-patron-de-volkswagen-donne-son-avis-sur-les-voitures-electriques-chinoises","status":"publish","type":"post","link":"https:\/\/www.evearly.news\/fr\/je-suis-vraiment-impressionne-lancien-patron-de-volkswagen-donne-son-avis-sur-les-voitures-electriques-chinoises\/","title":{"rendered":"\u00ab\u00a0Je suis vraiment impressionn\u00e9\u00a0\u00bb : l\u2019ancien patron de Volkswagen donne son avis sur les voitures \u00e9lectriques chinoises"},"content":{"rendered":"<p><img width=\"1200\" height=\"675\" src=\"https:\/\/www.evearly.news\/fr\/wp-content\/uploads\/sites\/6\/2024\/09\/je-suis-vraiment-impressionne-lancien-patron-de-volkswagen-donne-son-avis-sur-les-voitures-electriques-chinoises.jpg\" class=\"attachment-large size-large wp-post-image\" alt=\"\" decoding=\"async\" loading=\"lazy\" \/<br \/>\nHerbert Diess, l&rsquo;ancien patron de Volkswagen (2018 &#8211; 2022), a discut\u00e9 avec William Li, le patron de Nio, constructeur chinois \u00e0 qui l&rsquo;on doit la voiture \u00e9lectrique aux 1 000 km d&rsquo;autonomie. L&rsquo;homme d&rsquo;affaires allemand n&rsquo;a pas m\u00e2ch\u00e9 ses mots et explique pourquoi il est impressionn\u00e9 par les constructeurs chinois.<br \/>\n <a href=\"https:\/\/www.frandroid.com\/survoltes\/voitures-electriques\/2337554_je-suis-vraiment-impressionne-lancien-patron-de-volkswagen-donne-son-avis-sur-les-voitures-electriques-chinoises\" target='bwindow' rel=\"noopener\">Lire la suite&#8230;<\/a><\/p>\n","protected":false},"excerpt":{"rendered":"<p>&lt;img width=&quot;1200&quot; height=&quot;675&quot; src=&quot;https:\/\/www.evearly.news\/fr\/wp-content\/uploads\/sites\/6\/2024\/09\/je-suis-vraiment-impressionne-lancien-patron-de-volkswagen-donne-son-avis-sur-les-voitures-electriques-chinoises.jpg&quot; class=&quot;attachment-large size-large wp-post-image&quot; alt=&quot;&quot; decoding=&quot;async&quot; loading=&quot;lazy&quot; \/<br \/>\nHerbert Diess, l&rsquo;ancien patron de Volkswagen (2018 &#8211; 2022), a discut\u00e9 avec William Li, le patron de Nio, constructeur chinois \u00e0 qui l&rsquo;on doit la voiture \u00e9lectrique aux 1 000 km d&rsquo;autonomie. L&rsquo;homme d&rsquo;affaires allemand n&rsquo;a pas m\u00e2ch\u00e9 ses mots et explique pourquoi il est impressionn\u00e9 par les constructeurs chinois.\n<\/p>\n<p> <a class=\"continue-reading-link\" href=\"https:\/\/www.evearly.news\/fr\/je-suis-vraiment-impressionne-lancien-patron-de-volkswagen-donne-son-avis-sur-les-voitures-electriques-chinoises\/\"><\/a><\/p>\n","protected":false},"author":6,"featured_media":287545,"comment_status":"closed","ping_status":"open","sticky":false,"template":"Default","format":"standard","meta":{"footnotes":""},"categories":[14],"tags":[],"class_list":["post-287544","post","type-post","status-publish","format-standard","has-post-thumbnail","hentry","category-frandroid"],"_links":{"self":[{"href":"https:\/\/www.evearly.news\/fr\/wp-json\/wp\/v2\/posts\/287544","targetHints":{"allow":["GET"]}}],"collection":[{"href":"https:\/\/www.evearly.news\/fr\/wp-json\/wp\/v2\/posts"}],"about":[{"href":"https:\/\/www.evearly.news\/fr\/wp-json\/wp\/v2\/types\/post"}],"author":[{"embeddable":true,"href":"https:\/\/www.evearly.news\/fr\/wp-json\/wp\/v2\/users\/6"}],"replies":[{"embeddable":true,"href":"https:\/\/www.evearly.news\/fr\/wp-json\/wp\/v2\/comments?post=287544"}],"version-history":[{"count":0,"href":"https:\/\/www.evearly.news\/fr\/wp-json\/wp\/v2\/posts\/287544\/revisions"}],"wp:featuredmedia":[{"embeddable":true,"href":"https:\/\/www.evearly.news\/fr\/wp-json\/wp\/v2\/media\/287545"}],"wp:attachment":[{"href":"https:\/\/www.evearly.news\/fr\/wp-json\/wp\/v2\/media?parent=287544"}],"wp:term":[{"taxonomy":"category","embeddable":true,"href":"https:\/\/www.evearly.news\/fr\/wp-json\/wp\/v2\/categories?post=287544"},{"taxonomy":"post_tag","embeddable":true,"href":"https:\/\/www.evearly.news\/fr\/wp-json\/wp\/v2\/tags?post=287544"}],"curies":[{"name":"wp","href":"https:\/\/api.w.org\/{rel}","templated":true}]}}