{"id":287554,"date":"2024-09-13T18:51:19","date_gmt":"2024-09-13T16:51:19","guid":{"rendered":"https:\/\/www.evearly.news\/fr\/le-tesla-cybertruck-est-present-au-salon-de-lautomobile-de-turin\/"},"modified":"2024-09-13T18:51:19","modified_gmt":"2024-09-13T16:51:19","slug":"le-tesla-cybertruck-est-present-au-salon-de-lautomobile-de-turin","status":"publish","type":"post","link":"https:\/\/www.evearly.news\/fr\/le-tesla-cybertruck-est-present-au-salon-de-lautomobile-de-turin\/","title":{"rendered":"Le Tesla Cybertruck est pr\u00e9sent au salon de l&rsquo;automobile de Turin"},"content":{"rendered":"<p><img decoding=\"async\" src=\"https:\/\/www.evearly.news\/fr\/wp-content\/uploads\/sites\/6\/2024\/09\/le-tesla-cybertruck-est-present-au-salon-de-lautomobile-de-turin.webp\" alt=\"insideevs\"><br \/>Le pick-up \u00e9lectrique d&rsquo;Elon Musk revient en Italie, dans la capitale pi\u00e9montaise, pour se montrer \u00e0 nouveau (sans essai routier). <a href=\"https:\/\/insideevs.fr\/news\/733660\/tesla-cybertruck-salon-automobile-turin\/\" target=\"_blank\" rel=\"noopener\">Lire la suite&#8230;<\/a><\/p>\n","protected":false},"excerpt":{"rendered":"<p><img decoding=\"async\" src=\"https:\/\/www.evearly.news\/fr\/wp-content\/uploads\/sites\/6\/2024\/09\/le-tesla-cybertruck-est-present-au-salon-de-lautomobile-de-turin.webp\" alt=\"insideevs\"><br \/>Le pick-up \u00e9lectrique d&rsquo;Elon Musk revient en Italie, dans la capitale pi\u00e9montaise, pour se montrer \u00e0 nouveau (sans essai routier).<\/p>\n<p> <a class=\"continue-reading-link\" href=\"https:\/\/www.evearly.news\/fr\/le-tesla-cybertruck-est-present-au-salon-de-lautomobile-de-turin\/\"><\/a><\/p>\n","protected":false},"author":14,"featured_media":287555,"comment_status":"closed","ping_status":"open","sticky":false,"template":"Default","format":"standard","meta":{"footnotes":""},"categories":[15],"tags":[],"class_list":["post-287554","post","type-post","status-publish","format-standard","has-post-thumbnail","hentry","category-insideevs"],"_links":{"self":[{"href":"https:\/\/www.evearly.news\/fr\/wp-json\/wp\/v2\/posts\/287554","targetHints":{"allow":["GET"]}}],"collection":[{"href":"https:\/\/www.evearly.news\/fr\/wp-json\/wp\/v2\/posts"}],"about":[{"href":"https:\/\/www.evearly.news\/fr\/wp-json\/wp\/v2\/types\/post"}],"author":[{"embeddable":true,"href":"https:\/\/www.evearly.news\/fr\/wp-json\/wp\/v2\/users\/14"}],"replies":[{"embeddable":true,"href":"https:\/\/www.evearly.news\/fr\/wp-json\/wp\/v2\/comments?post=287554"}],"version-history":[{"count":0,"href":"https:\/\/www.evearly.news\/fr\/wp-json\/wp\/v2\/posts\/287554\/revisions"}],"wp:featuredmedia":[{"embeddable":true,"href":"https:\/\/www.evearly.news\/fr\/wp-json\/wp\/v2\/media\/287555"}],"wp:attachment":[{"href":"https:\/\/www.evearly.news\/fr\/wp-json\/wp\/v2\/media?parent=287554"}],"wp:term":[{"taxonomy":"category","embeddable":true,"href":"https:\/\/www.evearly.news\/fr\/wp-json\/wp\/v2\/categories?post=287554"},{"taxonomy":"post_tag","embeddable":true,"href":"https:\/\/www.evearly.news\/fr\/wp-json\/wp\/v2\/tags?post=287554"}],"curies":[{"name":"wp","href":"https:\/\/api.w.org\/{rel}","templated":true}]}}