{"id":287574,"date":"2024-09-14T10:20:07","date_gmt":"2024-09-14T08:20:07","guid":{"rendered":"https:\/\/www.evearly.news\/fr\/lucid-prevoit-un-crossover-electrique-plus-compact-que-le-gravity\/"},"modified":"2024-09-14T10:20:07","modified_gmt":"2024-09-14T08:20:07","slug":"lucid-prevoit-un-crossover-electrique-plus-compact-que-le-gravity","status":"publish","type":"post","link":"https:\/\/www.evearly.news\/fr\/lucid-prevoit-un-crossover-electrique-plus-compact-que-le-gravity\/","title":{"rendered":"Lucid pr\u00e9voit un crossover \u00e9lectrique plus compact que le Gravity"},"content":{"rendered":"<p><img decoding=\"async\" src=\"https:\/\/www.evearly.news\/fr\/wp-content\/uploads\/sites\/6\/2024\/09\/lucid-prevoit-un-crossover-electrique-plus-compact-que-le-gravity.webp\" alt=\"auto-moto\"><br \/>Le constructeur am\u00e9ricain Lucid pr\u00e9voit d\u2019\u00e9tendre sa gamme avec un nouveau crossover \u00e9lectrique, plus compact que les Air et Gravity. Un mod\u00e8le enfin plus adapt\u00e9 \u00e0 l\u2019Europe ? <a href=\"https:\/\/www.auto-moto.com\/electrique\/lucid-prevoit-un-crossover-electrique-plus-compact-que-le-gravity-45472\" target=\"blank\" rel=\"noopener\">Lire la suite&#8230;<\/a><\/p>\n","protected":false},"excerpt":{"rendered":"<p>Le constructeur am\u00e9ricain Lucid pr\u00e9voit d\u2019\u00e9tendre sa gamme avec un nouveau crossover \u00e9lectrique, plus compact que les Air et Gravity. Un mod\u00e8le enfin plus adapt\u00e9 \u00e0 l\u2019Europe ?&#8230; <a class=\"continue-reading-link\" href=\"https:\/\/www.evearly.news\/fr\/lucid-prevoit-un-crossover-electrique-plus-compact-que-le-gravity\/\"><\/a><\/p>\n","protected":false},"author":9,"featured_media":287575,"comment_status":"closed","ping_status":"open","sticky":false,"template":"Default","format":"standard","meta":{"footnotes":""},"categories":[10],"tags":[],"class_list":["post-287574","post","type-post","status-publish","format-standard","has-post-thumbnail","hentry","category-auto-moto-com"],"_links":{"self":[{"href":"https:\/\/www.evearly.news\/fr\/wp-json\/wp\/v2\/posts\/287574","targetHints":{"allow":["GET"]}}],"collection":[{"href":"https:\/\/www.evearly.news\/fr\/wp-json\/wp\/v2\/posts"}],"about":[{"href":"https:\/\/www.evearly.news\/fr\/wp-json\/wp\/v2\/types\/post"}],"author":[{"embeddable":true,"href":"https:\/\/www.evearly.news\/fr\/wp-json\/wp\/v2\/users\/9"}],"replies":[{"embeddable":true,"href":"https:\/\/www.evearly.news\/fr\/wp-json\/wp\/v2\/comments?post=287574"}],"version-history":[{"count":0,"href":"https:\/\/www.evearly.news\/fr\/wp-json\/wp\/v2\/posts\/287574\/revisions"}],"wp:featuredmedia":[{"embeddable":true,"href":"https:\/\/www.evearly.news\/fr\/wp-json\/wp\/v2\/media\/287575"}],"wp:attachment":[{"href":"https:\/\/www.evearly.news\/fr\/wp-json\/wp\/v2\/media?parent=287574"}],"wp:term":[{"taxonomy":"category","embeddable":true,"href":"https:\/\/www.evearly.news\/fr\/wp-json\/wp\/v2\/categories?post=287574"},{"taxonomy":"post_tag","embeddable":true,"href":"https:\/\/www.evearly.news\/fr\/wp-json\/wp\/v2\/tags?post=287574"}],"curies":[{"name":"wp","href":"https:\/\/api.w.org\/{rel}","templated":true}]}}