{"id":287576,"date":"2024-09-14T10:21:31","date_gmt":"2024-09-14T08:21:31","guid":{"rendered":"https:\/\/www.evearly.news\/fr\/voila-comment-tesla-veut-revolutionner-la-fabrication-dune-voiture-avec-son-taxi-autonome\/"},"modified":"2024-09-14T10:21:31","modified_gmt":"2024-09-14T08:21:31","slug":"voila-comment-tesla-veut-revolutionner-la-fabrication-dune-voiture-avec-son-taxi-autonome","status":"publish","type":"post","link":"https:\/\/www.evearly.news\/fr\/voila-comment-tesla-veut-revolutionner-la-fabrication-dune-voiture-avec-son-taxi-autonome\/","title":{"rendered":"Voil\u00e0 comment Tesla veut r\u00e9volutionner la fabrication d\u2019une voiture avec son taxi autonome"},"content":{"rendered":"<p><img decoding=\"async\" width=\"500\" height=\"333\" src=\"https:\/\/www.evearly.news\/fr\/wp-content\/uploads\/sites\/6\/2024\/09\/voila-comment-tesla-veut-revolutionner-la-fabrication-dune-voiture-avec-son-taxi-autonome.jpg\" class=\"attachment-1200x800 size-1200x800 wp-post-image\" alt=\"\" loading=\"lazy\" srcset=\"https:\/\/www.evearly.news\/fr\/wp-content\/uploads\/sites\/6\/2024\/09\/voila-comment-tesla-veut-revolutionner-la-fabrication-dune-voiture-avec-son-taxi-autonome.jpg 1689w, https:\/\/www.evearly.news\/fr\/wp-content\/uploads\/sites\/6\/2024\/09\/voila-comment-tesla-veut-revolutionner-la-fabrication-dune-voiture-avec-son-taxi-autonome-1.jpg 1640w, https:\/\/www.evearly.news\/fr\/wp-content\/uploads\/sites\/6\/2024\/09\/voila-comment-tesla-veut-revolutionner-la-fabrication-dune-voiture-avec-son-taxi-autonome-2.jpg 1024w, https:\/\/www.evearly.news\/fr\/wp-content\/uploads\/sites\/6\/2024\/09\/voila-comment-tesla-veut-revolutionner-la-fabrication-dune-voiture-avec-son-taxi-autonome-3.jpg 768w, https:\/\/www.evearly.news\/fr\/wp-content\/uploads\/sites\/6\/2024\/09\/voila-comment-tesla-veut-revolutionner-la-fabrication-dune-voiture-avec-son-taxi-autonome-4.jpg 1536w, https:\/\/cdn.automobile-propre.com\/uploads\/2024\/09\/Tesla-unboxed-hero-1-e1726178224357-620x307.jpg 620w\" sizes=\"auto, (max-width: 1200px) 100vw, 1200px\" \/><br \/>\nTesla a r\u00e9cemment d\u00e9pos\u00e9 un brevet qui montre comment il compte s\u2019y prendre pour fabriquer son robotaxi. Un syst\u00e8me plus\u2026\u00a0<a href=\"https:\/\/www.automobile-propre.com\/articles\/unboxed-process-voila-comment-tesla-compte-fabriquer-son-robotaxi\/\" target='bwindow' rel=\"noopener\">Lire la suite&#8230;<\/a><\/p>\n","protected":false},"excerpt":{"rendered":"<p>&#8230; <a class=\"continue-reading-link\" href=\"https:\/\/www.evearly.news\/fr\/voila-comment-tesla-veut-revolutionner-la-fabrication-dune-voiture-avec-son-taxi-autonome\/\"><\/a><\/p>\n","protected":false},"author":8,"featured_media":287577,"comment_status":"closed","ping_status":"open","sticky":false,"template":"Default","format":"standard","meta":{"footnotes":""},"categories":[8],"tags":[],"class_list":["post-287576","post","type-post","status-publish","format-standard","has-post-thumbnail","hentry","category-automobile-propre"],"_links":{"self":[{"href":"https:\/\/www.evearly.news\/fr\/wp-json\/wp\/v2\/posts\/287576","targetHints":{"allow":["GET"]}}],"collection":[{"href":"https:\/\/www.evearly.news\/fr\/wp-json\/wp\/v2\/posts"}],"about":[{"href":"https:\/\/www.evearly.news\/fr\/wp-json\/wp\/v2\/types\/post"}],"author":[{"embeddable":true,"href":"https:\/\/www.evearly.news\/fr\/wp-json\/wp\/v2\/users\/8"}],"replies":[{"embeddable":true,"href":"https:\/\/www.evearly.news\/fr\/wp-json\/wp\/v2\/comments?post=287576"}],"version-history":[{"count":0,"href":"https:\/\/www.evearly.news\/fr\/wp-json\/wp\/v2\/posts\/287576\/revisions"}],"wp:featuredmedia":[{"embeddable":true,"href":"https:\/\/www.evearly.news\/fr\/wp-json\/wp\/v2\/media\/287577"}],"wp:attachment":[{"href":"https:\/\/www.evearly.news\/fr\/wp-json\/wp\/v2\/media?parent=287576"}],"wp:term":[{"taxonomy":"category","embeddable":true,"href":"https:\/\/www.evearly.news\/fr\/wp-json\/wp\/v2\/categories?post=287576"},{"taxonomy":"post_tag","embeddable":true,"href":"https:\/\/www.evearly.news\/fr\/wp-json\/wp\/v2\/tags?post=287576"}],"curies":[{"name":"wp","href":"https:\/\/api.w.org\/{rel}","templated":true}]}}