{"id":287588,"date":"2024-09-14T14:30:52","date_gmt":"2024-09-14T12:30:52","guid":{"rendered":"https:\/\/www.evearly.news\/fr\/ou-sont-fabriquees-les-voitures-electriques\/"},"modified":"2024-09-14T14:30:52","modified_gmt":"2024-09-14T12:30:52","slug":"ou-sont-fabriquees-les-voitures-electriques","status":"publish","type":"post","link":"https:\/\/www.evearly.news\/fr\/ou-sont-fabriquees-les-voitures-electriques\/","title":{"rendered":"O\u00f9 sont fabriqu\u00e9es les voitures \u00e9lectriques\u00a0?"},"content":{"rendered":"<p><img width=\"1500\" height=\"1000\" src=\"https:\/\/www.evearly.news\/fr\/wp-content\/uploads\/sites\/6\/2024\/09\/ou-sont-fabriquees-les-voitures-electriques.jpg\" class=\"attachment-full size-full wp-post-image\" alt=\"Renault Megane Voiture Electrique\" decoding=\"async\" loading=\"lazy\" srcset=\"https:\/\/www.evearly.news\/fr\/wp-content\/uploads\/sites\/6\/2024\/09\/ou-sont-fabriquees-les-voitures-electriques.jpg 1500w, https:\/\/www.evearly.news\/fr\/wp-content\/uploads\/sites\/6\/2024\/09\/ou-sont-fabriquees-les-voitures-electriques-1.jpg 504w, https:\/\/www.evearly.news\/fr\/wp-content\/uploads\/sites\/6\/2024\/09\/ou-sont-fabriquees-les-voitures-electriques-2.jpg 1024w, https:\/\/www.evearly.news\/fr\/wp-content\/uploads\/sites\/6\/2024\/09\/ou-sont-fabriquees-les-voitures-electriques-3.jpg 50w, https:\/\/www.evearly.news\/fr\/wp-content\/uploads\/sites\/6\/2024\/09\/ou-sont-fabriquees-les-voitures-electriques-4.jpg 336w, https:\/\/www.evearly.news\/fr\/wp-content\/uploads\/sites\/6\/2024\/09\/ou-sont-fabriquees-les-voitures-electriques-5.jpg 1400w, https:\/\/www.evearly.news\/fr\/wp-content\/uploads\/sites\/6\/2024\/09\/ou-sont-fabriquees-les-voitures-electriques-6.jpg 680w, https:\/\/www.presse-citron.net\/app\/uploads\/2024\/07\/renault-megane-voiture-electrique-896x597.jpg 896w\" sizes=\"auto, (max-width: 1500px) 100vw, 1500px\"><\/p>\n<p>Pour limiter la p\u00e9n\u00e9tration des constructeurs asiatiques en Europe et en France, le bonus \u00e9cologique est l\u00e0 pour faciliter l&rsquo;adoption des v\u00e9hicules 100% \u00e9lectriques chez nous. Cependant, \u00e0 quoi ressemble le march\u00e9 aujourd&rsquo;hui ? O\u00f9 sont construites la plupart des voitures \u00e9lectriques que l&rsquo;on peut croiser dans la rue ? Existe-t-il beaucoup de voitures \u00e9lectriques enti\u00e8rement fabriqu\u00e9es en France ?<a href=\"https:\/\/www.presse-citron.net\/ou-sont-fabriquees-les-voitures-electriques\/\" target=\"blank\" rel=\"noopener\"> Lire la suite&#8230;<\/a><\/p>\n","protected":false},"excerpt":{"rendered":"<p>Pour limiter la p\u00e9n\u00e9tration des constructeurs asiatiques en Europe et en France, le bonus \u00e9cologique est l\u00e0 pour faciliter l&rsquo;adoption des v\u00e9hicules 100% \u00e9lectriques chez nous. Cependant, \u00e0 quoi ressemble le march\u00e9 aujourd&rsquo;hui ? O\u00f9 sont construites la plupart des voitures \u00e9lectriques que l&rsquo;on peut croiser dans la rue ? Existe-t-il beaucoup de voitures \u00e9lectriques enti\u00e8rement fabriqu\u00e9es en France ?&#8230; <a class=\"continue-reading-link\" href=\"https:\/\/www.evearly.news\/fr\/ou-sont-fabriquees-les-voitures-electriques\/\"><\/a><\/p>\n","protected":false},"author":18,"featured_media":287589,"comment_status":"closed","ping_status":"open","sticky":false,"template":"Default","format":"standard","meta":{"footnotes":""},"categories":[19],"tags":[],"class_list":["post-287588","post","type-post","status-publish","format-standard","has-post-thumbnail","hentry","category-presse-citron"],"_links":{"self":[{"href":"https:\/\/www.evearly.news\/fr\/wp-json\/wp\/v2\/posts\/287588","targetHints":{"allow":["GET"]}}],"collection":[{"href":"https:\/\/www.evearly.news\/fr\/wp-json\/wp\/v2\/posts"}],"about":[{"href":"https:\/\/www.evearly.news\/fr\/wp-json\/wp\/v2\/types\/post"}],"author":[{"embeddable":true,"href":"https:\/\/www.evearly.news\/fr\/wp-json\/wp\/v2\/users\/18"}],"replies":[{"embeddable":true,"href":"https:\/\/www.evearly.news\/fr\/wp-json\/wp\/v2\/comments?post=287588"}],"version-history":[{"count":0,"href":"https:\/\/www.evearly.news\/fr\/wp-json\/wp\/v2\/posts\/287588\/revisions"}],"wp:featuredmedia":[{"embeddable":true,"href":"https:\/\/www.evearly.news\/fr\/wp-json\/wp\/v2\/media\/287589"}],"wp:attachment":[{"href":"https:\/\/www.evearly.news\/fr\/wp-json\/wp\/v2\/media?parent=287588"}],"wp:term":[{"taxonomy":"category","embeddable":true,"href":"https:\/\/www.evearly.news\/fr\/wp-json\/wp\/v2\/categories?post=287588"},{"taxonomy":"post_tag","embeddable":true,"href":"https:\/\/www.evearly.news\/fr\/wp-json\/wp\/v2\/tags?post=287588"}],"curies":[{"name":"wp","href":"https:\/\/api.w.org\/{rel}","templated":true}]}}