{"id":287634,"date":"2024-09-16T10:20:04","date_gmt":"2024-09-16T08:20:04","guid":{"rendered":"https:\/\/www.evearly.news\/fr\/derriere-cette-voiture-jaune-le-projet-secret-delon-musk-et-tesla\/"},"modified":"2024-09-16T10:20:04","modified_gmt":"2024-09-16T08:20:04","slug":"derriere-cette-voiture-jaune-le-projet-secret-delon-musk-et-tesla","status":"publish","type":"post","link":"https:\/\/www.evearly.news\/fr\/derriere-cette-voiture-jaune-le-projet-secret-delon-musk-et-tesla\/","title":{"rendered":"Derri\u00e8re cette voiture jaune, le \u201cprojet secret\u201d d\u2019Elon Musk et Tesla\u00a0?"},"content":{"rendered":"<p><img loading=\"lazy\" width=\"1500\" height=\"1000\" src=\"https:\/\/www.evearly.news\/fr\/wp-content\/uploads\/sites\/6\/2024\/09\/derriere-cette-voiture-jaune-le-projet-secret-delon-musk-et-tesla.jpg\" class=\"attachment-full size-full wp-post-image\" alt=\"Tesla Voiture Electrique Projet Secret\" decoding=\"async\" srcset=\"https:\/\/www.evearly.news\/fr\/wp-content\/uploads\/sites\/6\/2024\/09\/derriere-cette-voiture-jaune-le-projet-secret-delon-musk-et-tesla.jpg 1500w, https:\/\/www.evearly.news\/fr\/wp-content\/uploads\/sites\/6\/2024\/09\/derriere-cette-voiture-jaune-le-projet-secret-delon-musk-et-tesla-1.jpg 504w, https:\/\/www.evearly.news\/fr\/wp-content\/uploads\/sites\/6\/2024\/09\/derriere-cette-voiture-jaune-le-projet-secret-delon-musk-et-tesla-2.jpg 1024w, https:\/\/www.evearly.news\/fr\/wp-content\/uploads\/sites\/6\/2024\/09\/derriere-cette-voiture-jaune-le-projet-secret-delon-musk-et-tesla-3.jpg 50w, https:\/\/www.evearly.news\/fr\/wp-content\/uploads\/sites\/6\/2024\/09\/derriere-cette-voiture-jaune-le-projet-secret-delon-musk-et-tesla-4.jpg 336w, https:\/\/www.evearly.news\/fr\/wp-content\/uploads\/sites\/6\/2024\/09\/derriere-cette-voiture-jaune-le-projet-secret-delon-musk-et-tesla-5.jpg 1400w, https:\/\/www.evearly.news\/fr\/wp-content\/uploads\/sites\/6\/2024\/09\/derriere-cette-voiture-jaune-le-projet-secret-delon-musk-et-tesla-6.jpg 680w, https:\/\/www.presse-citron.net\/app\/uploads\/2024\/09\/tesla-voiture-electrique-projet-secret-896x597.jpg 896w\" sizes=\"auto, (max-width: 1500px) 100vw, 1500px\"><\/p>\n<p>Elon Musk a d\u00e9j\u00e0 annonc\u00e9 plusieurs fois sur les r\u00e9seaux sociaux l&rsquo;arriv\u00e9e de robotaxi chez Tesla. Vient-on d&rsquo;en avoir la premi\u00e8re image ?<a href=\"https:\/\/www.presse-citron.net\/derriere-cette-voiture-jaune-le-projet-secret-delon-musk-et-tesla\/\" target=\"blank\" rel=\"noopener\"> Lire la suite&#8230;<\/a><\/p>\n","protected":false},"excerpt":{"rendered":"<p>Elon Musk a d\u00e9j\u00e0 annonc\u00e9 plusieurs fois sur les r\u00e9seaux sociaux l&rsquo;arriv\u00e9e de robotaxi chez Tesla. Vient-on d&rsquo;en avoir la premi\u00e8re image ?&#8230; <a class=\"continue-reading-link\" href=\"https:\/\/www.evearly.news\/fr\/derriere-cette-voiture-jaune-le-projet-secret-delon-musk-et-tesla\/\"><\/a><\/p>\n","protected":false},"author":18,"featured_media":287635,"comment_status":"closed","ping_status":"open","sticky":false,"template":"Default","format":"standard","meta":{"footnotes":""},"categories":[19],"tags":[],"class_list":["post-287634","post","type-post","status-publish","format-standard","has-post-thumbnail","hentry","category-presse-citron"],"_links":{"self":[{"href":"https:\/\/www.evearly.news\/fr\/wp-json\/wp\/v2\/posts\/287634","targetHints":{"allow":["GET"]}}],"collection":[{"href":"https:\/\/www.evearly.news\/fr\/wp-json\/wp\/v2\/posts"}],"about":[{"href":"https:\/\/www.evearly.news\/fr\/wp-json\/wp\/v2\/types\/post"}],"author":[{"embeddable":true,"href":"https:\/\/www.evearly.news\/fr\/wp-json\/wp\/v2\/users\/18"}],"replies":[{"embeddable":true,"href":"https:\/\/www.evearly.news\/fr\/wp-json\/wp\/v2\/comments?post=287634"}],"version-history":[{"count":0,"href":"https:\/\/www.evearly.news\/fr\/wp-json\/wp\/v2\/posts\/287634\/revisions"}],"wp:featuredmedia":[{"embeddable":true,"href":"https:\/\/www.evearly.news\/fr\/wp-json\/wp\/v2\/media\/287635"}],"wp:attachment":[{"href":"https:\/\/www.evearly.news\/fr\/wp-json\/wp\/v2\/media?parent=287634"}],"wp:term":[{"taxonomy":"category","embeddable":true,"href":"https:\/\/www.evearly.news\/fr\/wp-json\/wp\/v2\/categories?post=287634"},{"taxonomy":"post_tag","embeddable":true,"href":"https:\/\/www.evearly.news\/fr\/wp-json\/wp\/v2\/tags?post=287634"}],"curies":[{"name":"wp","href":"https:\/\/api.w.org\/{rel}","templated":true}]}}