{"id":287696,"date":"2024-09-16T18:28:27","date_gmt":"2024-09-16T16:28:27","guid":{"rendered":"https:\/\/www.evearly.news\/fr\/doubler-lautonomie-des-voitures-electriques-cest-ce-que-permettra-cette-batterie-soutenue-par-mercedes\/"},"modified":"2024-09-16T18:28:27","modified_gmt":"2024-09-16T16:28:27","slug":"doubler-lautonomie-des-voitures-electriques-cest-ce-que-permettra-cette-batterie-soutenue-par-mercedes","status":"publish","type":"post","link":"https:\/\/www.evearly.news\/fr\/doubler-lautonomie-des-voitures-electriques-cest-ce-que-permettra-cette-batterie-soutenue-par-mercedes\/","title":{"rendered":"Doubler l\u2019autonomie des voitures \u00e9lectriques : c\u2019est ce que permettra cette batterie soutenue par Mercedes"},"content":{"rendered":"<p><img loading=\"lazy\" width=\"1200\" height=\"675\" src=\"https:\/\/www.evearly.news\/fr\/wp-content\/uploads\/sites\/6\/2024\/09\/doubler-lautonomie-des-voitures-electriques-cest-ce-que-permettra-cette-batterie-soutenue-par-mercedes.jpg\" class=\"attachment-large size-large wp-post-image\" alt=\"\" decoding=\"async\" \/<br \/>\nL&rsquo;autonomie reste le nerf de la guerre lorsqu&rsquo;il s&rsquo;agit des voitures \u00e9lectriques, un v\u00e9ritable argument marketing permettant de d\u00e9clencher des ventes. Dans cette course aux kilom\u00e8tres, Mercedes, en collaboration avec Factorial, sp\u00e9cialis\u00e9 dans les batteries solides, lance le d\u00e9veloppement du pack \u00ab\u00a0Solstice\u00a0\u00bb visant \u00e0 augmenter l&rsquo;autonomie des voitures \u00e9lectriques.<br \/>\n <a href=\"https:\/\/www.frandroid.com\/actualites-generales\/2338674_doubler-lautonomie-des-voitures-electriques-cest-ce-que-permettra-cette-batterie-soutenue-par-mercedes\" target='bwindow' rel=\"noopener\">Lire la suite&#8230;<\/a><\/p>\n","protected":false},"excerpt":{"rendered":"<p>&lt;img width=&quot;1200&quot; height=&quot;675&quot; src=&quot;https:\/\/www.evearly.news\/fr\/wp-content\/uploads\/sites\/6\/2024\/09\/doubler-lautonomie-des-voitures-electriques-cest-ce-que-permettra-cette-batterie-soutenue-par-mercedes.jpg&quot; class=&quot;attachment-large size-large wp-post-image&quot; alt=&quot;&quot; decoding=&quot;async&quot; \/<br \/>\nL&rsquo;autonomie reste le nerf de la guerre lorsqu&rsquo;il s&rsquo;agit des voitures \u00e9lectriques, un v\u00e9ritable argument marketing permettant de d\u00e9clencher des ventes. Dans cette course aux kilom\u00e8tres, Mercedes, en collaboration avec Factorial, sp\u00e9cialis\u00e9 dans les batteries solides, lance le d\u00e9veloppement du pack \u00ab\u00a0Solstice\u00a0\u00bb visant \u00e0 augmenter l&rsquo;autonomie des voitures \u00e9lectriques.\n<\/p>\n<p> <a class=\"continue-reading-link\" href=\"https:\/\/www.evearly.news\/fr\/doubler-lautonomie-des-voitures-electriques-cest-ce-que-permettra-cette-batterie-soutenue-par-mercedes\/\"><\/a><\/p>\n","protected":false},"author":6,"featured_media":287697,"comment_status":"closed","ping_status":"open","sticky":false,"template":"Default","format":"standard","meta":{"footnotes":""},"categories":[14],"tags":[],"class_list":["post-287696","post","type-post","status-publish","format-standard","has-post-thumbnail","hentry","category-frandroid"],"_links":{"self":[{"href":"https:\/\/www.evearly.news\/fr\/wp-json\/wp\/v2\/posts\/287696","targetHints":{"allow":["GET"]}}],"collection":[{"href":"https:\/\/www.evearly.news\/fr\/wp-json\/wp\/v2\/posts"}],"about":[{"href":"https:\/\/www.evearly.news\/fr\/wp-json\/wp\/v2\/types\/post"}],"author":[{"embeddable":true,"href":"https:\/\/www.evearly.news\/fr\/wp-json\/wp\/v2\/users\/6"}],"replies":[{"embeddable":true,"href":"https:\/\/www.evearly.news\/fr\/wp-json\/wp\/v2\/comments?post=287696"}],"version-history":[{"count":0,"href":"https:\/\/www.evearly.news\/fr\/wp-json\/wp\/v2\/posts\/287696\/revisions"}],"wp:featuredmedia":[{"embeddable":true,"href":"https:\/\/www.evearly.news\/fr\/wp-json\/wp\/v2\/media\/287697"}],"wp:attachment":[{"href":"https:\/\/www.evearly.news\/fr\/wp-json\/wp\/v2\/media?parent=287696"}],"wp:term":[{"taxonomy":"category","embeddable":true,"href":"https:\/\/www.evearly.news\/fr\/wp-json\/wp\/v2\/categories?post=287696"},{"taxonomy":"post_tag","embeddable":true,"href":"https:\/\/www.evearly.news\/fr\/wp-json\/wp\/v2\/tags?post=287696"}],"curies":[{"name":"wp","href":"https:\/\/api.w.org\/{rel}","templated":true}]}}