{"id":287796,"date":"2024-09-18T09:27:34","date_gmt":"2024-09-18T07:27:34","guid":{"rendered":"https:\/\/www.evearly.news\/fr\/bonne-nouvelle-pour-la-voiture-electrique-en-2025-les-modeles-abordables-arrivent-enfin\/"},"modified":"2024-09-18T09:27:34","modified_gmt":"2024-09-18T07:27:34","slug":"bonne-nouvelle-pour-la-voiture-electrique-en-2025-les-modeles-abordables-arrivent-enfin","status":"publish","type":"post","link":"https:\/\/www.evearly.news\/fr\/bonne-nouvelle-pour-la-voiture-electrique-en-2025-les-modeles-abordables-arrivent-enfin\/","title":{"rendered":"Bonne nouvelle pour la voiture \u00e9lectrique en 2025 : les mod\u00e8les abordables arrivent enfin"},"content":{"rendered":"<p><img width=\"1200\" height=\"675\" src=\"https:\/\/www.evearly.news\/fr\/wp-content\/uploads\/sites\/6\/2024\/09\/bonne-nouvelle-pour-la-voiture-electrique-en-2025-les-modeles-abordables-arrivent-enfin.jpg\" class=\"attachment-large size-large wp-post-image\" alt=\"\" decoding=\"async\" loading=\"lazy\" \/<br \/>\nLa progression des ventes de voitures \u00e9lectriques n&rsquo;est pas forc\u00e9ment aussi bonne qu&rsquo;esp\u00e9r\u00e9e par les constructeurs, mais le durcissement des normes va contraindre ces m\u00eames constructeurs \u00e0 devoir faire des efforts pour mieux vendre leurs voitures \u00e9lectriques. En 2025, la voiture \u00e9lectrique devrait retrouver des couleurs, notamment gr\u00e2ce aux mod\u00e8les sous la barre des 25 000 euros.<br \/>\n <a href=\"https:\/\/www.frandroid.com\/survoltes\/voitures-electriques\/2341010_bonne-nouvelle-pour-la-voiture-electrique-en-2025-les-modeles-abordables-arrivent-enfin\" target='bwindow' rel=\"noopener\">Lire la suite&#8230;<\/a><\/p>\n","protected":false},"excerpt":{"rendered":"<p>&lt;img width=&quot;1200&quot; height=&quot;675&quot; src=&quot;https:\/\/www.evearly.news\/fr\/wp-content\/uploads\/sites\/6\/2024\/09\/bonne-nouvelle-pour-la-voiture-electrique-en-2025-les-modeles-abordables-arrivent-enfin.jpg&quot; class=&quot;attachment-large size-large wp-post-image&quot; alt=&quot;&quot; decoding=&quot;async&quot; loading=&quot;lazy&quot; \/<br \/>\nLa progression des ventes de voitures \u00e9lectriques n&rsquo;est pas forc\u00e9ment aussi bonne qu&rsquo;esp\u00e9r\u00e9e par les constructeurs, mais le durcissement des normes va contraindre ces m\u00eames constructeurs \u00e0 devoir faire des efforts pour mieux vendre leurs voitures \u00e9lectriques. En 2025, la voiture \u00e9lectrique devrait retrouver des couleurs, notamment gr\u00e2ce aux mod\u00e8les sous la barre des 25 000 euros.\n<\/p>\n<p> <a class=\"continue-reading-link\" href=\"https:\/\/www.evearly.news\/fr\/bonne-nouvelle-pour-la-voiture-electrique-en-2025-les-modeles-abordables-arrivent-enfin\/\"><\/a><\/p>\n","protected":false},"author":6,"featured_media":287797,"comment_status":"closed","ping_status":"open","sticky":false,"template":"Default","format":"standard","meta":{"footnotes":""},"categories":[14],"tags":[],"class_list":["post-287796","post","type-post","status-publish","format-standard","has-post-thumbnail","hentry","category-frandroid"],"_links":{"self":[{"href":"https:\/\/www.evearly.news\/fr\/wp-json\/wp\/v2\/posts\/287796","targetHints":{"allow":["GET"]}}],"collection":[{"href":"https:\/\/www.evearly.news\/fr\/wp-json\/wp\/v2\/posts"}],"about":[{"href":"https:\/\/www.evearly.news\/fr\/wp-json\/wp\/v2\/types\/post"}],"author":[{"embeddable":true,"href":"https:\/\/www.evearly.news\/fr\/wp-json\/wp\/v2\/users\/6"}],"replies":[{"embeddable":true,"href":"https:\/\/www.evearly.news\/fr\/wp-json\/wp\/v2\/comments?post=287796"}],"version-history":[{"count":0,"href":"https:\/\/www.evearly.news\/fr\/wp-json\/wp\/v2\/posts\/287796\/revisions"}],"wp:featuredmedia":[{"embeddable":true,"href":"https:\/\/www.evearly.news\/fr\/wp-json\/wp\/v2\/media\/287797"}],"wp:attachment":[{"href":"https:\/\/www.evearly.news\/fr\/wp-json\/wp\/v2\/media?parent=287796"}],"wp:term":[{"taxonomy":"category","embeddable":true,"href":"https:\/\/www.evearly.news\/fr\/wp-json\/wp\/v2\/categories?post=287796"},{"taxonomy":"post_tag","embeddable":true,"href":"https:\/\/www.evearly.news\/fr\/wp-json\/wp\/v2\/tags?post=287796"}],"curies":[{"name":"wp","href":"https:\/\/api.w.org\/{rel}","templated":true}]}}