{"id":287798,"date":"2024-09-18T09:50:04","date_gmt":"2024-09-18T07:50:04","guid":{"rendered":"https:\/\/www.evearly.news\/fr\/geely-a-devoile-son-jeu-de-voitures-electriques-pour-leurope\/"},"modified":"2024-09-18T09:50:04","modified_gmt":"2024-09-18T07:50:04","slug":"geely-a-devoile-son-jeu-de-voitures-electriques-pour-leurope","status":"publish","type":"post","link":"https:\/\/www.evearly.news\/fr\/geely-a-devoile-son-jeu-de-voitures-electriques-pour-leurope\/","title":{"rendered":"Geely a d\u00e9voil\u00e9 son jeu de voitures \u00e9lectriques pour l\u2019Europe"},"content":{"rendered":"<p><img width=\"1000\" height=\"563\" src=\"https:\/\/www.evearly.news\/fr\/wp-content\/uploads\/sites\/6\/2024\/09\/geely-a-devoile-son-jeu-de-voitures-electriques-pour-leurope.jpg\" class=\"attachment-post-thumbnail size-post-thumbnail wp-post-image\" alt=\"Voitures \u00e9lectriques Geely\" decoding=\"async\" fetchpriority=\"high\" srcset=\"https:\/\/www.evearly.news\/fr\/wp-content\/uploads\/sites\/6\/2024\/09\/geely-a-devoile-son-jeu-de-voitures-electriques-pour-leurope.jpg 1000w, https:\/\/www.evearly.news\/fr\/wp-content\/uploads\/sites\/6\/2024\/09\/geely-a-devoile-son-jeu-de-voitures-electriques-pour-leurope-1.jpg 300w, https:\/\/www.evearly.news\/fr\/wp-content\/uploads\/sites\/6\/2024\/09\/geely-a-devoile-son-jeu-de-voitures-electriques-pour-leurope-2.jpg 998w, https:\/\/www.avem.fr\/wp-content\/uploads\/2024\/09\/ACTE0918_GeelyD-768x432.jpg 768w\" sizes=\"(max-width: 1000px) 100vw, 1000px\" \/>V\u00e9ritable foire internationale du secteur automobile, le salon Automechanika qui s\u2019est tenu du 10 au 14 septembre dernier \u00e0 Francfort a offert son cadre entre autres \u00e0 Geely. Le constructeur chinois a pr\u00e9sent\u00e9 en nouveaut\u00e9 son SUV branch\u00e9 EX5 \u00e0 c\u00f4t\u00e9 de deux autres mod\u00e8les promis \u00e9galement \u00e0 des carri\u00e8res [\u2026] <a href=\"https:\/\/www.avem.fr\/2024\/09\/18\/geely-a-devoile-son-jeu-de-voitures-electriques-pour-leurope\/\" target=\"blank\" rel=\"noopener\">Lire la suite&#8230;<\/a><\/p>\n","protected":false},"excerpt":{"rendered":"<p><img loading=\"lazy\" decoding=\"async\" width=\"1000\" height=\"563\" src=\"https:\/\/www.evearly.news\/fr\/wp-content\/uploads\/sites\/6\/2024\/09\/geely-a-devoile-son-jeu-de-voitures-electriques-pour-leurope.jpg\" class=\"attachment-post-thumbnail size-post-thumbnail wp-post-image\" alt=\"Voitures \u00e9lectriques Geely\" \/>V\u00e9ritable foire internationale du secteur automobile, le salon Automechanika qui s\u2019est tenu du 10 au 14 septembre dernier \u00e0 Francfort a offert son cadre entre autres \u00e0 Geely. Le constructeur chinois a pr\u00e9sent\u00e9 en nouveaut\u00e9 son SUV branch\u00e9 EX5 \u00e0 c\u00f4t\u00e9 de deux autres mod\u00e8les promis \u00e9galement \u00e0 des carri\u00e8res [\u2026] <a class=\"continue-reading-link\" href=\"https:\/\/www.evearly.news\/fr\/geely-a-devoile-son-jeu-de-voitures-electriques-pour-leurope\/\"><\/a><\/p>\n","protected":false},"author":3,"featured_media":287799,"comment_status":"closed","ping_status":"open","sticky":false,"template":"Default","format":"standard","meta":{"footnotes":""},"categories":[3],"tags":[],"class_list":["post-287798","post","type-post","status-publish","format-standard","has-post-thumbnail","hentry","category-avem"],"_links":{"self":[{"href":"https:\/\/www.evearly.news\/fr\/wp-json\/wp\/v2\/posts\/287798","targetHints":{"allow":["GET"]}}],"collection":[{"href":"https:\/\/www.evearly.news\/fr\/wp-json\/wp\/v2\/posts"}],"about":[{"href":"https:\/\/www.evearly.news\/fr\/wp-json\/wp\/v2\/types\/post"}],"author":[{"embeddable":true,"href":"https:\/\/www.evearly.news\/fr\/wp-json\/wp\/v2\/users\/3"}],"replies":[{"embeddable":true,"href":"https:\/\/www.evearly.news\/fr\/wp-json\/wp\/v2\/comments?post=287798"}],"version-history":[{"count":0,"href":"https:\/\/www.evearly.news\/fr\/wp-json\/wp\/v2\/posts\/287798\/revisions"}],"wp:featuredmedia":[{"embeddable":true,"href":"https:\/\/www.evearly.news\/fr\/wp-json\/wp\/v2\/media\/287799"}],"wp:attachment":[{"href":"https:\/\/www.evearly.news\/fr\/wp-json\/wp\/v2\/media?parent=287798"}],"wp:term":[{"taxonomy":"category","embeddable":true,"href":"https:\/\/www.evearly.news\/fr\/wp-json\/wp\/v2\/categories?post=287798"},{"taxonomy":"post_tag","embeddable":true,"href":"https:\/\/www.evearly.news\/fr\/wp-json\/wp\/v2\/tags?post=287798"}],"curies":[{"name":"wp","href":"https:\/\/api.w.org\/{rel}","templated":true}]}}