{"id":287802,"date":"2024-09-18T10:58:26","date_gmt":"2024-09-18T08:58:26","guid":{"rendered":"https:\/\/www.evearly.news\/fr\/future-alpine-a390-2025-jusqua-trois-moteurs-pour-le-suv-electrique-en-photos-avant-le-mondial-de-paris\/"},"modified":"2024-09-18T10:58:26","modified_gmt":"2024-09-18T08:58:26","slug":"future-alpine-a390-2025-jusqua-trois-moteurs-pour-le-suv-electrique-en-photos-avant-le-mondial-de-paris","status":"publish","type":"post","link":"https:\/\/www.evearly.news\/fr\/future-alpine-a390-2025-jusqua-trois-moteurs-pour-le-suv-electrique-en-photos-avant-le-mondial-de-paris\/","title":{"rendered":"Future Alpine A390 (2025) : jusqu&rsquo;\u00e0 trois moteurs pour le SUV \u00e9lectrique, en photos avant le Mondial de Paris"},"content":{"rendered":"<div class=\"media_block\"><img decoding=\"async\" src=\"https:\/\/www.evearly.news\/fr\/wp-content\/uploads\/sites\/6\/2024\/09\/future-alpine-a390-2025-jusqua-trois-moteurs-pour-le-suv-electrique-en-photos-avant-le-mondial-de-paris.jpg\"><\/div>\n<p>Alpine d\u00e9voilera une version de pr\u00e9-s\u00e9rie de son crossover A390 au Mondial de l&rsquo;Auto dans quelques semaines. Voici les premi\u00e8res images du prototype aper\u00e7u sur les routes en essai. La premi\u00e8re Alpine \u00e9lectrique familiale embarquera jusqu&rsquo;\u00e0 3 moteurs. <a href=\"https:\/\/www.automobile-magazine.fr\/voitures-electriques\/article\/44673-future-alpine-a390-2025-jusqua-trois-moteurs-pour-le-suv-electrique-en-photos-avant-le-mondial-de-paris\" target='bwindow' rel=\"noopener\">Lire la suite&#8230;<\/a><\/p>\n","protected":false},"excerpt":{"rendered":"<div class=\"media_block\"><img decoding=\"async\" src=\"https:\/\/www.evearly.news\/fr\/wp-content\/uploads\/sites\/6\/2024\/09\/future-alpine-a390-2025-jusqua-trois-moteurs-pour-le-suv-electrique-en-photos-avant-le-mondial-de-paris.jpg\"><\/div>\n<p> <a class=\"continue-reading-link\" href=\"https:\/\/www.evearly.news\/fr\/future-alpine-a390-2025-jusqua-trois-moteurs-pour-le-suv-electrique-en-photos-avant-le-mondial-de-paris\/\"><\/a><\/p>\n","protected":false},"author":7,"featured_media":287803,"comment_status":"closed","ping_status":"open","sticky":false,"template":"Default","format":"standard","meta":{"footnotes":""},"categories":[7],"tags":[],"class_list":["post-287802","post","type-post","status-publish","format-standard","has-post-thumbnail","hentry","category-automobile-magazine"],"_links":{"self":[{"href":"https:\/\/www.evearly.news\/fr\/wp-json\/wp\/v2\/posts\/287802","targetHints":{"allow":["GET"]}}],"collection":[{"href":"https:\/\/www.evearly.news\/fr\/wp-json\/wp\/v2\/posts"}],"about":[{"href":"https:\/\/www.evearly.news\/fr\/wp-json\/wp\/v2\/types\/post"}],"author":[{"embeddable":true,"href":"https:\/\/www.evearly.news\/fr\/wp-json\/wp\/v2\/users\/7"}],"replies":[{"embeddable":true,"href":"https:\/\/www.evearly.news\/fr\/wp-json\/wp\/v2\/comments?post=287802"}],"version-history":[{"count":0,"href":"https:\/\/www.evearly.news\/fr\/wp-json\/wp\/v2\/posts\/287802\/revisions"}],"wp:featuredmedia":[{"embeddable":true,"href":"https:\/\/www.evearly.news\/fr\/wp-json\/wp\/v2\/media\/287803"}],"wp:attachment":[{"href":"https:\/\/www.evearly.news\/fr\/wp-json\/wp\/v2\/media?parent=287802"}],"wp:term":[{"taxonomy":"category","embeddable":true,"href":"https:\/\/www.evearly.news\/fr\/wp-json\/wp\/v2\/categories?post=287802"},{"taxonomy":"post_tag","embeddable":true,"href":"https:\/\/www.evearly.news\/fr\/wp-json\/wp\/v2\/tags?post=287802"}],"curies":[{"name":"wp","href":"https:\/\/api.w.org\/{rel}","templated":true}]}}