{"id":287806,"date":"2024-09-18T10:59:24","date_gmt":"2024-09-18T08:59:24","guid":{"rendered":"https:\/\/www.evearly.news\/fr\/a-quelle-date-seront-livrees-les-premieres-citroen-e-c3-electriques\/"},"modified":"2024-09-18T10:59:24","modified_gmt":"2024-09-18T08:59:24","slug":"a-quelle-date-seront-livrees-les-premieres-citroen-e-c3-electriques","status":"publish","type":"post","link":"https:\/\/www.evearly.news\/fr\/a-quelle-date-seront-livrees-les-premieres-citroen-e-c3-electriques\/","title":{"rendered":"A quelle date seront livr\u00e9es les premi\u00e8res Citro\u00ebn \u00eb-C3 \u00e9lectriques ?"},"content":{"rendered":"<div class=\"media_block\"><img decoding=\"async\" src=\"https:\/\/www.evearly.news\/fr\/wp-content\/uploads\/sites\/6\/2024\/09\/a-quelle-date-seront-livrees-les-premieres-citroen-e-c3-electriques.jpg\"><\/div>\n<p>La r\u00e9ception des premiers exemplaires de la nouvelle e-C3 de Citro\u00ebn a pris un peu de retard. Les \u00e9quipes du constructeur travaillent d\u2019arrache-pied pour le combler\u2026 <a href=\"https:\/\/www.automobile-magazine.fr\/voitures-electriques\/article\/44670-a-quelle-date-seront-livrees-les-premieres-citroen-e-c3-electriques\" target='bwindow' rel=\"noopener\">Lire la suite&#8230;<\/a><\/p>\n","protected":false},"excerpt":{"rendered":"<div class=\"media_block\"><img decoding=\"async\" src=\"https:\/\/www.evearly.news\/fr\/wp-content\/uploads\/sites\/6\/2024\/09\/a-quelle-date-seront-livrees-les-premieres-citroen-e-c3-electriques.jpg\"><\/div>\n<p> <a class=\"continue-reading-link\" href=\"https:\/\/www.evearly.news\/fr\/a-quelle-date-seront-livrees-les-premieres-citroen-e-c3-electriques\/\"><\/a><\/p>\n","protected":false},"author":7,"featured_media":287807,"comment_status":"closed","ping_status":"open","sticky":false,"template":"Default","format":"standard","meta":{"footnotes":""},"categories":[7],"tags":[],"class_list":["post-287806","post","type-post","status-publish","format-standard","has-post-thumbnail","hentry","category-automobile-magazine"],"_links":{"self":[{"href":"https:\/\/www.evearly.news\/fr\/wp-json\/wp\/v2\/posts\/287806","targetHints":{"allow":["GET"]}}],"collection":[{"href":"https:\/\/www.evearly.news\/fr\/wp-json\/wp\/v2\/posts"}],"about":[{"href":"https:\/\/www.evearly.news\/fr\/wp-json\/wp\/v2\/types\/post"}],"author":[{"embeddable":true,"href":"https:\/\/www.evearly.news\/fr\/wp-json\/wp\/v2\/users\/7"}],"replies":[{"embeddable":true,"href":"https:\/\/www.evearly.news\/fr\/wp-json\/wp\/v2\/comments?post=287806"}],"version-history":[{"count":0,"href":"https:\/\/www.evearly.news\/fr\/wp-json\/wp\/v2\/posts\/287806\/revisions"}],"wp:featuredmedia":[{"embeddable":true,"href":"https:\/\/www.evearly.news\/fr\/wp-json\/wp\/v2\/media\/287807"}],"wp:attachment":[{"href":"https:\/\/www.evearly.news\/fr\/wp-json\/wp\/v2\/media?parent=287806"}],"wp:term":[{"taxonomy":"category","embeddable":true,"href":"https:\/\/www.evearly.news\/fr\/wp-json\/wp\/v2\/categories?post=287806"},{"taxonomy":"post_tag","embeddable":true,"href":"https:\/\/www.evearly.news\/fr\/wp-json\/wp\/v2\/tags?post=287806"}],"curies":[{"name":"wp","href":"https:\/\/api.w.org\/{rel}","templated":true}]}}