{"id":288191,"date":"2024-09-25T15:51:34","date_gmt":"2024-09-25T13:51:34","guid":{"rendered":"https:\/\/www.evearly.news\/fr\/seat-liquide-ses-scooters-electriques-a-moitie-prix-depechez-vous\/"},"modified":"2024-09-25T15:51:34","modified_gmt":"2024-09-25T13:51:34","slug":"seat-liquide-ses-scooters-electriques-a-moitie-prix-depechez-vous","status":"publish","type":"post","link":"https:\/\/www.evearly.news\/fr\/seat-liquide-ses-scooters-electriques-a-moitie-prix-depechez-vous\/","title":{"rendered":"Seat liquide ses scooters \u00e9lectriques \u00e0 moiti\u00e9 prix, d\u00e9p\u00eachez-vous !"},"content":{"rendered":"<p><img decoding=\"async\" width=\"500\" height=\"333\" src=\"https:\/\/www.evearly.news\/fr\/wp-content\/uploads\/sites\/6\/2024\/09\/seat-liquide-ses-scooters-electriques-a-moitie-prix-depechez-vous.png\" class=\"attachment-1200x800 size-1200x800 wp-post-image\" alt=\"\" loading=\"lazy\" srcset=\"https:\/\/www.evearly.news\/fr\/wp-content\/uploads\/sites\/6\/2024\/09\/seat-liquide-ses-scooters-electriques-a-moitie-prix-depechez-vous.png 1680w, https:\/\/www.evearly.news\/fr\/wp-content\/uploads\/sites\/6\/2024\/09\/seat-liquide-ses-scooters-electriques-a-moitie-prix-depechez-vous-1.png 1640w, https:\/\/www.evearly.news\/fr\/wp-content\/uploads\/sites\/6\/2024\/09\/seat-liquide-ses-scooters-electriques-a-moitie-prix-depechez-vous-2.png 1024w, https:\/\/www.evearly.news\/fr\/wp-content\/uploads\/sites\/6\/2024\/09\/seat-liquide-ses-scooters-electriques-a-moitie-prix-depechez-vous-3.png 768w, https:\/\/www.evearly.news\/fr\/wp-content\/uploads\/sites\/6\/2024\/09\/seat-liquide-ses-scooters-electriques-a-moitie-prix-depechez-vous-4.png 1536w, https:\/\/cdn.automobile-propre.com\/uploads\/2024\/09\/2022_Seat-Mo-125-Performance_3-4-551x413.png 551w\" sizes=\"auto, (max-width: 1067px) 100vw, 1067px\" \/><br \/>\nSeat liquide ses scooters \u00e9lectriques MO avec des r\u00e9ductions allant jusqu\u2019\u00e0 50 %, une op\u00e9ration valable jusqu\u2019\u00e0 la fin octobre.\u2026\u00a0<a href=\"https:\/\/www.automobile-propre.com\/articles\/seat-liquide-ses-scooters-electriques-a-moitie-prix-depechez-vous\/\" target='bwindow' rel=\"noopener\">Lire la suite&#8230;<\/a><\/p>\n","protected":false},"excerpt":{"rendered":"<p>&#8230; <a class=\"continue-reading-link\" href=\"https:\/\/www.evearly.news\/fr\/seat-liquide-ses-scooters-electriques-a-moitie-prix-depechez-vous\/\"><\/a><\/p>\n","protected":false},"author":8,"featured_media":288192,"comment_status":"closed","ping_status":"open","sticky":false,"template":"Default","format":"standard","meta":{"footnotes":""},"categories":[8],"tags":[],"class_list":["post-288191","post","type-post","status-publish","format-standard","has-post-thumbnail","hentry","category-automobile-propre"],"_links":{"self":[{"href":"https:\/\/www.evearly.news\/fr\/wp-json\/wp\/v2\/posts\/288191","targetHints":{"allow":["GET"]}}],"collection":[{"href":"https:\/\/www.evearly.news\/fr\/wp-json\/wp\/v2\/posts"}],"about":[{"href":"https:\/\/www.evearly.news\/fr\/wp-json\/wp\/v2\/types\/post"}],"author":[{"embeddable":true,"href":"https:\/\/www.evearly.news\/fr\/wp-json\/wp\/v2\/users\/8"}],"replies":[{"embeddable":true,"href":"https:\/\/www.evearly.news\/fr\/wp-json\/wp\/v2\/comments?post=288191"}],"version-history":[{"count":0,"href":"https:\/\/www.evearly.news\/fr\/wp-json\/wp\/v2\/posts\/288191\/revisions"}],"wp:featuredmedia":[{"embeddable":true,"href":"https:\/\/www.evearly.news\/fr\/wp-json\/wp\/v2\/media\/288192"}],"wp:attachment":[{"href":"https:\/\/www.evearly.news\/fr\/wp-json\/wp\/v2\/media?parent=288191"}],"wp:term":[{"taxonomy":"category","embeddable":true,"href":"https:\/\/www.evearly.news\/fr\/wp-json\/wp\/v2\/categories?post=288191"},{"taxonomy":"post_tag","embeddable":true,"href":"https:\/\/www.evearly.news\/fr\/wp-json\/wp\/v2\/tags?post=288191"}],"curies":[{"name":"wp","href":"https:\/\/api.w.org\/{rel}","templated":true}]}}