{"id":288195,"date":"2024-09-25T16:22:45","date_gmt":"2024-09-25T14:22:45","guid":{"rendered":"https:\/\/www.evearly.news\/fr\/audi-e-tron-rappel-du-suv-electrique-pour-un-defaut-au-niveau-des-freins\/"},"modified":"2024-09-25T16:22:45","modified_gmt":"2024-09-25T14:22:45","slug":"audi-e-tron-rappel-du-suv-electrique-pour-un-defaut-au-niveau-des-freins","status":"publish","type":"post","link":"https:\/\/www.evearly.news\/fr\/audi-e-tron-rappel-du-suv-electrique-pour-un-defaut-au-niveau-des-freins\/","title":{"rendered":"Audi e-tron : rappel du SUV \u00e9lectrique pour un d\u00e9faut au niveau des freins"},"content":{"rendered":"<p><img loading=\"lazy\" decoding=\"async\" width=\"500\" height=\"333\" src=\"https:\/\/www.evearly.news\/fr\/wp-content\/uploads\/sites\/6\/2024\/09\/audi-e-tron-rappel-du-suv-electrique-pour-un-defaut-au-niveau-des-freins.jpg\" class=\"attachment-1200x800 size-1200x800 wp-post-image\" alt=\"\" srcset=\"https:\/\/www.evearly.news\/fr\/wp-content\/uploads\/sites\/6\/2024\/09\/audi-e-tron-rappel-du-suv-electrique-pour-un-defaut-au-niveau-des-freins.jpg 1600w, https:\/\/www.evearly.news\/fr\/wp-content\/uploads\/sites\/6\/2024\/09\/audi-e-tron-rappel-du-suv-electrique-pour-un-defaut-au-niveau-des-freins-1.jpg 1024w, https:\/\/www.evearly.news\/fr\/wp-content\/uploads\/sites\/6\/2024\/09\/audi-e-tron-rappel-du-suv-electrique-pour-un-defaut-au-niveau-des-freins-2.jpg 768w, https:\/\/www.evearly.news\/fr\/wp-content\/uploads\/sites\/6\/2024\/09\/audi-e-tron-rappel-du-suv-electrique-pour-un-defaut-au-niveau-des-freins-3.jpg 1536w, https:\/\/cdn.automobile-propre.com\/uploads\/2024\/09\/Audi-e-tron-524x413.jpg 524w\" sizes=\"auto, (max-width: 1016px) 100vw, 1016px\" \/><br \/>\nL&rsquo;Audi e-tron est au centre d&rsquo;un nouveau rappel pour un dysfonctionnement des freins. Un probl\u00e8me pouvant engendrer des risques de s\u00e9curit\u00e9, dont il faut s&rsquo;occuper rapidement.\u00a0<a href=\"https:\/\/www.automobile-propre.com\/breves\/audi-e-tron-rappel-du-suv-electrique-pour-un-defaut-au-niveau-des-freins\/\" target='bwindow' rel=\"noopener\">Lire la suite&#8230;<\/a><\/p>\n","protected":false},"excerpt":{"rendered":"<p>&#8230; <a class=\"continue-reading-link\" href=\"https:\/\/www.evearly.news\/fr\/audi-e-tron-rappel-du-suv-electrique-pour-un-defaut-au-niveau-des-freins\/\"><\/a><\/p>\n","protected":false},"author":8,"featured_media":288196,"comment_status":"closed","ping_status":"open","sticky":false,"template":"Default","format":"standard","meta":{"footnotes":""},"categories":[8],"tags":[],"class_list":["post-288195","post","type-post","status-publish","format-standard","has-post-thumbnail","hentry","category-automobile-propre"],"_links":{"self":[{"href":"https:\/\/www.evearly.news\/fr\/wp-json\/wp\/v2\/posts\/288195","targetHints":{"allow":["GET"]}}],"collection":[{"href":"https:\/\/www.evearly.news\/fr\/wp-json\/wp\/v2\/posts"}],"about":[{"href":"https:\/\/www.evearly.news\/fr\/wp-json\/wp\/v2\/types\/post"}],"author":[{"embeddable":true,"href":"https:\/\/www.evearly.news\/fr\/wp-json\/wp\/v2\/users\/8"}],"replies":[{"embeddable":true,"href":"https:\/\/www.evearly.news\/fr\/wp-json\/wp\/v2\/comments?post=288195"}],"version-history":[{"count":0,"href":"https:\/\/www.evearly.news\/fr\/wp-json\/wp\/v2\/posts\/288195\/revisions"}],"wp:featuredmedia":[{"embeddable":true,"href":"https:\/\/www.evearly.news\/fr\/wp-json\/wp\/v2\/media\/288196"}],"wp:attachment":[{"href":"https:\/\/www.evearly.news\/fr\/wp-json\/wp\/v2\/media?parent=288195"}],"wp:term":[{"taxonomy":"category","embeddable":true,"href":"https:\/\/www.evearly.news\/fr\/wp-json\/wp\/v2\/categories?post=288195"},{"taxonomy":"post_tag","embeddable":true,"href":"https:\/\/www.evearly.news\/fr\/wp-json\/wp\/v2\/tags?post=288195"}],"curies":[{"name":"wp","href":"https:\/\/api.w.org\/{rel}","templated":true}]}}