{"id":288197,"date":"2024-09-25T17:23:34","date_gmt":"2024-09-25T15:23:34","guid":{"rendered":"https:\/\/www.evearly.news\/fr\/skoda-enyaq-2024-les-prix-la-gamme-et-les-equipements-du-suv-100-electrique-tcheque\/"},"modified":"2024-09-25T17:23:34","modified_gmt":"2024-09-25T15:23:34","slug":"skoda-enyaq-2024-les-prix-la-gamme-et-les-equipements-du-suv-100-electrique-tcheque","status":"publish","type":"post","link":"https:\/\/www.evearly.news\/fr\/skoda-enyaq-2024-les-prix-la-gamme-et-les-equipements-du-suv-100-electrique-tcheque\/","title":{"rendered":"Skoda Enyaq 2024 : les prix, la gamme et les \u00e9quipements du SUV 100% \u00e9lectrique tch\u00e8que"},"content":{"rendered":"<div class=\"media_block\"><img decoding=\"async\" src=\"https:\/\/www.evearly.news\/fr\/wp-content\/uploads\/sites\/6\/2024\/09\/skoda-enyaq-2024-les-prix-la-gamme-et-les-equipements-du-suv-100-electrique-tcheque.jpg\"><\/div>\n<p>Exit la version entr\u00e9e de gamme 60, l\u2019acc\u00e8s au Skoda Enyaq et Enyaq Coup\u00e9 se fait d\u00e9sormais directement par la version \u00e0 grosse batterie 85. D\u00e9couvrez l\u2019ensemble de la gamme et les prix du SUV \u00e9lectrique. <a href=\"https:\/\/www.automobile-magazine.fr\/voitures-electriques\/article\/44783-skoda-enyaq-2024-les-prix-la-gamme-et-les-equipements-du-suv-100-electrique-tcheque\" target='bwindow' rel=\"noopener\">Lire la suite&#8230;<\/a><\/p>\n","protected":false},"excerpt":{"rendered":"<div class=\"media_block\"><img decoding=\"async\" src=\"https:\/\/www.evearly.news\/fr\/wp-content\/uploads\/sites\/6\/2024\/09\/skoda-enyaq-2024-les-prix-la-gamme-et-les-equipements-du-suv-100-electrique-tcheque.jpg\"><\/div>\n<p> <a class=\"continue-reading-link\" href=\"https:\/\/www.evearly.news\/fr\/skoda-enyaq-2024-les-prix-la-gamme-et-les-equipements-du-suv-100-electrique-tcheque\/\"><\/a><\/p>\n","protected":false},"author":7,"featured_media":288198,"comment_status":"closed","ping_status":"open","sticky":false,"template":"Default","format":"standard","meta":{"footnotes":""},"categories":[7],"tags":[],"class_list":["post-288197","post","type-post","status-publish","format-standard","has-post-thumbnail","hentry","category-automobile-magazine"],"_links":{"self":[{"href":"https:\/\/www.evearly.news\/fr\/wp-json\/wp\/v2\/posts\/288197","targetHints":{"allow":["GET"]}}],"collection":[{"href":"https:\/\/www.evearly.news\/fr\/wp-json\/wp\/v2\/posts"}],"about":[{"href":"https:\/\/www.evearly.news\/fr\/wp-json\/wp\/v2\/types\/post"}],"author":[{"embeddable":true,"href":"https:\/\/www.evearly.news\/fr\/wp-json\/wp\/v2\/users\/7"}],"replies":[{"embeddable":true,"href":"https:\/\/www.evearly.news\/fr\/wp-json\/wp\/v2\/comments?post=288197"}],"version-history":[{"count":0,"href":"https:\/\/www.evearly.news\/fr\/wp-json\/wp\/v2\/posts\/288197\/revisions"}],"wp:featuredmedia":[{"embeddable":true,"href":"https:\/\/www.evearly.news\/fr\/wp-json\/wp\/v2\/media\/288198"}],"wp:attachment":[{"href":"https:\/\/www.evearly.news\/fr\/wp-json\/wp\/v2\/media?parent=288197"}],"wp:term":[{"taxonomy":"category","embeddable":true,"href":"https:\/\/www.evearly.news\/fr\/wp-json\/wp\/v2\/categories?post=288197"},{"taxonomy":"post_tag","embeddable":true,"href":"https:\/\/www.evearly.news\/fr\/wp-json\/wp\/v2\/tags?post=288197"}],"curies":[{"name":"wp","href":"https:\/\/api.w.org\/{rel}","templated":true}]}}